{"id":530676,"date":"2025-10-27T14:38:26","date_gmt":"2025-10-27T14:38:26","guid":{"rendered":"https:\/\/www.europesays.com\/de\/530676\/"},"modified":"2025-10-27T14:38:26","modified_gmt":"2025-10-27T14:38:26","slug":"der-sport-tag-nations-league-linda-dallmann-faellt-in-frankreich-aus","status":"publish","type":"post","link":"https:\/\/www.europesays.com\/de\/530676\/","title":{"rendered":"Der Sport-Tag: Nations League: Linda Dallmann f\u00e4llt in Frankreich aus"},"content":{"rendered":"<p>                    Der Sport-Tag<br \/>\n                Nations League: Linda Dallmann f\u00e4llt in Frankreich aus<\/p>\n<p>\t\t\t\t              27.10.2025, 10:06 Uhr<\/p>\n<p>Die deutschen Fu\u00dfballerinnen m\u00fcssen im Halbfinalr\u00fcckspiel der Nations League in Frankreich<b> ohne Linda Dallmann<\/b> auskommen. <b>Die Mittelfeldspielerin vom FC Bayern konnte am heutigen Montag krankheitsbedingt nicht mit nach Caen reisen<\/b>, Bundestrainer Christian W\u00fcck verzichtete f\u00fcr die Partie am Dienstag <b>(21.10 Uhr\/ZDF und im Liveticker auf ntv.de)<\/b> auf eine Nachnominierung. Die zuvor nur auf Abruf nominierte Dallmann war nach dem Ausfall von Lena Oberdorf (Kreuzbandriss) in den Kader nachger\u00fcckt.<b> Beim Hinspielerfolg am Freitag in D\u00fcsseldorf (1:0) kam die 31-J\u00e4hrige nicht zum Einsatz.<\/b><\/p>\n","protected":false},"excerpt":{"rendered":"Der Sport-Tag Nations League: Linda Dallmann f\u00e4llt in Frankreich aus 27.10.2025, 10:06 Uhr Die deutschen Fu\u00dfballerinnen m\u00fcssen im&hellip;\n","protected":false},"author":2,"featured_media":530677,"comment_status":"","ping_status":"","sticky":false,"template":"","format":"standard","meta":{"footnotes":""},"categories":[3974],"tags":[331,332,130441,282,548,663,3934,3980,156,13,4918,88592,14,128767,15,12,283],"class_list":{"0":"post-530676","1":"post","2":"type-post","3":"status-publish","4":"format-standard","5":"has-post-thumbnail","7":"category-frankreich","8":"tag-aktuelle-nachrichten","9":"tag-aktuelle-news","10":"tag-dallmann","11":"tag-der","12":"tag-eu","13":"tag-europa","14":"tag-europe","15":"tag-france","16":"tag-frankreich","17":"tag-headlines","18":"tag-league","19":"tag-linda","20":"tag-nachrichten","21":"tag-nations","22":"tag-news","23":"tag-schlagzeilen","24":"tag-sport-tag"},"share_on_mastodon":{"url":"https:\/\/pubeurope.com\/@de\/115446646238271666","error":""},"_links":{"self":[{"href":"https:\/\/www.europesays.com\/de\/wp-json\/wp\/v2\/posts\/530676","targetHints":{"allow":["GET"]}}],"collection":[{"href":"https:\/\/www.europesays.com\/de\/wp-json\/wp\/v2\/posts"}],"about":[{"href":"https:\/\/www.europesays.com\/de\/wp-json\/wp\/v2\/types\/post"}],"author":[{"embeddable":true,"href":"https:\/\/www.europesays.com\/de\/wp-json\/wp\/v2\/users\/2"}],"replies":[{"embeddable":true,"href":"https:\/\/www.europesays.com\/de\/wp-json\/wp\/v2\/comments?post=530676"}],"version-history":[{"count":0,"href":"https:\/\/www.europesays.com\/de\/wp-json\/wp\/v2\/posts\/530676\/revisions"}],"wp:featuredmedia":[{"embeddable":true,"href":"https:\/\/www.europesays.com\/de\/wp-json\/wp\/v2\/media\/530677"}],"wp:attachment":[{"href":"https:\/\/www.europesays.com\/de\/wp-json\/wp\/v2\/media?parent=530676"}],"wp:term":[{"taxonomy":"category","embeddable":true,"href":"https:\/\/www.europesays.com\/de\/wp-json\/wp\/v2\/categories?post=530676"},{"taxonomy":"post_tag","embeddable":true,"href":"https:\/\/www.europesays.com\/de\/wp-json\/wp\/v2\/tags?post=530676"}],"curies":[{"name":"wp","href":"https:\/\/api.w.org\/{rel}","templated":true}]}}