{"id":530678,"date":"2025-10-27T14:39:13","date_gmt":"2025-10-27T14:39:13","guid":{"rendered":"https:\/\/www.europesays.com\/de\/530678\/"},"modified":"2025-10-27T14:39:13","modified_gmt":"2025-10-27T14:39:13","slug":"evident-kuendigt-den-sechsten-wettbewerb-bild-des-jahres-an-evident-europe-gmbh-story","status":"publish","type":"post","link":"https:\/\/www.europesays.com\/de\/530678\/","title":{"rendered":"EVIDENT k\u00fcndigt den sechsten Wettbewerb \u201eBild des Jahres\u201c an, EVIDENT Europe GmbH, Story"},"content":{"rendered":"<p>Evident gab bekannt, dass der sechste j\u00e4hrliche Image of the Year-Wettbewerb ab sofort bis zum 30.01.2026 f\u00fcr Einreichungen ge\u00f6ffnet ist. Der Wettbewerb zeichnet die besten wissenschaftlichen Bildgebungsarbeiten weltweit aus \u2013 er feiert Kunst, Wissenschaft und technische Meisterleistung. Mit wachsender Aufmerksamkeit Jahr f\u00fcr Jahr wurden bisherige Gewinner in f\u00fchrenden internationalen Nachrichtenmedien und renommierten wissenschaftlichen Fachzeitschriften vorgestellt. Evident ruft die Teilnehmer dazu auf, gemeinsam das Unsichtbare sichtbar zu machen, indem sie ihre au\u00dfergew\u00f6hnlichen Entdeckungen unter dem Mikroskop teilen. Die Teilnahme erfolgt durch das Hochladen von bis zu drei Bildern mit einer Beschreibung der verwendeten Ausr\u00fcstung auf\u00a0Evidentscientific.com\/de\/landing\/ioty-six-annual. Die Gewinner werden von einer Jury ausgew\u00e4hlt und im Fr\u00fchjahr 2026 bekannt gegeben.<\/p>\n<p>Wettbewerbsdetails<\/p>\n<p>Der globale Preis und drei regionale Preise werden an die wissenschaftlichen Bilder vergeben, die die h\u00f6chsten Punktzahlen erhalten. Der Hauptpreis f\u00fcr den globalen Gewinner besteht aus einem\u00a0Evident SZX7 Stereomikroskop\u00a0mit entweder einer\u00a0DP23 Digitalkamera\u00a0oder\u00a0Evident UPLXAPO Objektiven. Zu den Preisen geh\u00f6rt au\u00dferdem ein\u00a0Evident CX23-Durchlichtmikroskop\u00a0oder ein\u00a0SZ61 Stereomikroskop\u00a0f\u00fcr die regionalen Gewinner in Asien, Europa und den Amerikas. Ein weiterer Preis \u2013 ein\u00a0SZ61 Stereomikroskop\u00a0\u2013 wird dem Gewinner einer Sonderkategorie f\u00fcr Bilder aus den Bereichen Materialwissenschaft und Ingenieurwesen verliehen.<\/p>\n<p>Die internationale Jury setzt sich aus Experten aus Wissenschaft und Bildgebung zusammen. Wie bereits im letzten Jahr geh\u00f6ren Geoff Williams, Leiter der Leduc BioImaging Facility an der\u00a0Brown University, Harini Sreenivasappa, Leiterin des Mikroskopie-Bereichs am Cell Imaging Center der\u00a0Drexel University, und Wen-Tai Chiu, Professor am Department of Biomedical Engineering der\u00a0National Cheng Kung University\u00a0zur Jury. Zu den neuen Jurymitgliedern z\u00e4hlen Eliska Macickova, Spezialistin f\u00fcr Lichtmikroskopie-Anwendungen an der\u00a0University of Zurich; Ben Dubin-Thaler, Gr\u00fcnder und gesch\u00e4ftsf\u00fchrender Direktor von BioBus; Jung Weon Lee, Professor am Fachbereich Pharmazie der\u00a0Seoul National University;\u00a0sowie Prof. Dr. Shengxi Wu, Direktor des Frontier-Labors f\u00fcr Gehirnforschung. Alle Einsendungen werden nach k\u00fcnstlerischen und visuellen Aspekten, wissenschaftlicher Bedeutung und Fachkenntnis im Umgang mit dem Mikroskop bewertet.<\/p>\n<p>Die vollst\u00e4ndigen Teilnahmebedingungen des Wettbewerbs finden Sie unter\u00a0Evidentscientific.com\/de\/landing\/ioty-six-annual.<\/p>\n<p>Informationen zum \u201eImage of the Year Award\u201c<\/p>\n<p>Der Image of the Year Award von Evident wurde 2017 unter dem Namen \u201eImage of the Year European Life Science Light Microscopy Award\u201c ins Leben gerufen, mit dem Ziel, sowohl die k\u00fcnstlerische als auch die wissenschaftliche Bedeutung von Mikroskopiebildern zu w\u00fcrdigen. Auch heute bleibt der Wettbewerb dieser Mission treu und ermutigt Menschen auf der ganzen Welt, wissenschaftliche Bilder aus einer neuen Perspektive zu betrachten, ihre Sch\u00f6nheit zu w\u00fcrdigen und sie mit anderen zu teilen.<\/p>\n<p>Weitere Informationen zu unseren fr\u00fcheren preisgekr\u00f6nten Bildern und den Mikroskoptechniken, mit denen sie aufgenommen wurden, finden Sie unter\u00a0Evidentscientific.com\/de\/ioty-gallery.<\/p>\n","protected":false},"excerpt":{"rendered":"Evident gab bekannt, dass der sechste j\u00e4hrliche Image of the Year-Wettbewerb ab sofort bis zum 30.01.2026 f\u00fcr Einreichungen&hellip;\n","protected":false},"author":2,"featured_media":530679,"comment_status":"","ping_status":"","sticky":false,"template":"","format":"standard","meta":{"footnotes":""},"categories":[3933],"tags":[331,332,130444,2136,548,663,158,3934,3935,130442,130446,130443,13,102887,130447,14,15,14773,12,130445,4412],"class_list":{"0":"post-530678","1":"post","2":"type-post","3":"status-publish","4":"format-standard","5":"has-post-thumbnail","7":"category-eu","8":"tag-aktuelle-nachrichten","9":"tag-aktuelle-news","10":"tag-digitalkamera","11":"tag-entwicklung","12":"tag-eu","13":"tag-europa","14":"tag-europaeische-union","15":"tag-europe","16":"tag-european-union","17":"tag-evident","18":"tag-fachzeitschriften","19":"tag-forschungspreis","20":"tag-headlines","21":"tag-materialwissenschaft","22":"tag-mikroskop","23":"tag-nachrichten","24":"tag-news","25":"tag-optik","26":"tag-schlagzeilen","27":"tag-stereomikroskop","28":"tag-wettbewerb"},"share_on_mastodon":{"url":"https:\/\/pubeurope.com\/@de\/115446648901366259","error":""},"_links":{"self":[{"href":"https:\/\/www.europesays.com\/de\/wp-json\/wp\/v2\/posts\/530678","targetHints":{"allow":["GET"]}}],"collection":[{"href":"https:\/\/www.europesays.com\/de\/wp-json\/wp\/v2\/posts"}],"about":[{"href":"https:\/\/www.europesays.com\/de\/wp-json\/wp\/v2\/types\/post"}],"author":[{"embeddable":true,"href":"https:\/\/www.europesays.com\/de\/wp-json\/wp\/v2\/users\/2"}],"replies":[{"embeddable":true,"href":"https:\/\/www.europesays.com\/de\/wp-json\/wp\/v2\/comments?post=530678"}],"version-history":[{"count":0,"href":"https:\/\/www.europesays.com\/de\/wp-json\/wp\/v2\/posts\/530678\/revisions"}],"wp:featuredmedia":[{"embeddable":true,"href":"https:\/\/www.europesays.com\/de\/wp-json\/wp\/v2\/media\/530679"}],"wp:attachment":[{"href":"https:\/\/www.europesays.com\/de\/wp-json\/wp\/v2\/media?parent=530678"}],"wp:term":[{"taxonomy":"category","embeddable":true,"href":"https:\/\/www.europesays.com\/de\/wp-json\/wp\/v2\/categories?post=530678"},{"taxonomy":"post_tag","embeddable":true,"href":"https:\/\/www.europesays.com\/de\/wp-json\/wp\/v2\/tags?post=530678"}],"curies":[{"name":"wp","href":"https:\/\/api.w.org\/{rel}","templated":true}]}}