{"id":53068,"date":"2025-04-22T21:23:17","date_gmt":"2025-04-22T21:23:17","guid":{"rendered":"https:\/\/www.europesays.com\/de\/53068\/"},"modified":"2025-04-22T21:23:17","modified_gmt":"2025-04-22T21:23:17","slug":"staatsumbau-in-den-usa-marco-rubio-schlaegt-umfassende-kuerzungen-fuer-us-aussenministerium-vor","status":"publish","type":"post","link":"https:\/\/www.europesays.com\/de\/53068\/","title":{"rendered":"Staatsumbau in den USA: Marco Rubio schl\u00e4gt umfassende K\u00fcrzungen f\u00fcr US-Au\u00dfenministerium vor"},"content":{"rendered":"<p class=\"paragraph article__item\">US-Au\u00dfenminister <a class=\"rtr-entity\" href=\"https:\/\/www.zeit.de\/thema\/marco-rubio\" rel=\"nofollow noopener\" target=\"_blank\">Marco Rubio<\/a> hat eine tiefgreifende Umstrukturierung seines Hauses vorgeschlagen. Ziel sei es, \u00fcberfl\u00fcssige Strukturen abzubauen und Programme zu streichen, die nicht den &#8222;nationalen Kerninteressen Amerikas&#8220; dienten oder gesetzlich vorgeschrieben seien, teilte Rubio in Washington mit. Das Ministerium sei in seiner jetzigen Form &#8222;aufgebl\u00e4ht, b\u00fcrokratisch und nicht in der Lage, seinen wesentlichen diplomatischen Auftrag in dieser neuen \u00c4ra des Wettbewerbs der Gro\u00dfm\u00e4chte zu erf\u00fcllen&#8220;.\n<\/p>\n<p>                An dieser Stelle ist ein externer Inhalt eingebunden<\/p>\n<p>Zum Anschauen ben\u00f6tigen wir Ihre Zustimmung<\/p>\n<p>\n                Weiter\n            <\/p>\n<p class=\"paragraph article__item\">Rubio ver\u00f6ffentlichte die Pl\u00e4ne in <a href=\"https:\/\/www.state.gov\/wp-content\/uploads\/2025\/04\/DOS-Reorg-4.21.2025.pdf\" class=\"\" target=\"_blank\" rel=\"nofollow noopener\">Form eines Organigramms <\/a>sowie in einem <a href=\"https:\/\/statedept.substack.com\/p\/a-new-state-department-to-meet-the\" class=\"\" target=\"_blank\" rel=\"nofollow noopener\">Post auf sozialen Medien<\/a>. Sollten die Ma\u00dfnahmen genehmigt werden, sollen in einem ersten Schritt demnach mehr als 130 Abteilungen im Inland aufgel\u00f6st und rund 700 Stellen in <a class=\"rtr-entity\" href=\"https:\/\/www.zeit.de\/thema\/washington\" rel=\"nofollow noopener\" target=\"_blank\">Washington<\/a> gestrichen werden. <\/p>\n<p class=\"paragraph article__item\">Betroffen w\u00e4ren unter anderem B\u00fcros, die sich mit Kriegsverbrechen und internationalen Konflikten befassen. Die bisher von einem Staatssekret\u00e4r geleitete Abteilung f\u00fcr Zivilschutz, Demokratie und Menschenrechte soll entfallen. An ihre Stelle w\u00fcrde demnach ein neues B\u00fcro treten, das k\u00fcnftig die Koordination von Auslandshilfen und humanit\u00e4ren Angelegenheiten \u00fcbernehmen soll.\n<\/p>\n<p>                Unklarheit \u00fcber Konsulate in Deutschland        <\/p>\n<p class=\"paragraph article__item\">In der vergangenen Woche hatten US-Medien berichtet, <a href=\"https:\/\/www.zeit.de\/politik\/ausland\/2025-04\/usa-regierung-aussenpolitik-kuerzungen-un-friedensmission\" class=\"\" target=\"_blank\" rel=\"nofollow noopener\">die Generalkonsulate in D\u00fcsseldorf und Leipzig k\u00f6nnten im Zuge der Sparpl\u00e4ne geschlossen werden<\/a>. Rubio \u00e4u\u00dferte sich dazu nicht direkt, verbreitete jedoch einen Artikel des Onlinemediums The Free Press, in dem von noch weitreichenderen K\u00fcrzungen die Rede ist. Demnach soll die Zahl der Mitarbeiter im Au\u00dfenministerium um mindestens 15 Prozent sinken. Das w\u00e4ren die gr\u00f6\u00dften Einschnitte seit Jahrzehnten \u2013 allerdings war in fr\u00fcheren Berichte sogar von einer Halbierung des Budgets die Rede.\n<\/p>\n<p>            DOGE<\/p>\n<p class=\"paragraph article__item\">\u00a0\n<\/p>\n<p class=\"paragraph article__item\">\u00a0\n<\/p>\n<p class=\"paragraph article__item\">Die sogenannte Beh\u00f6rde f\u00fcr Regierungseffizienz (Department of Government Efficiency, DOGE) wurde unmittelbar nach Donald Trumps Amtsantritt per Pr\u00e4sidialdekret geschaffen. Ihr erkl\u00e4rtes Ziel ist es, Staatsausgaben zu senken und den \u00f6ffentlichen Dienst zu verschlanken. Kommissarisch geleitet wird DOGE nach offiziellen Angaben von Amy Gleason. Als Chef der Einrichtung firmiert indes Trump-Berater und Tech-Milliard\u00e4r Elon Musk, dem wegen dieser T\u00e4tigkeit Interessenkonflikte vorgeworfen werden. Viele einflussreiche DOGE-Mitarbeiter arbeiteten in der Vergangenheit oder weiterhin f\u00fcr Musks Unternehmen. DOGE ist auch in US-Beh\u00f6rden im Einsatz, die Vertr\u00e4ge mit Musks Firmen haben.\u00a0\u00a0\n<\/p>\n<p class=\"paragraph article__item\">\u00a0\n<\/p>\n<p class=\"paragraph article__item\">Musk verfolgt nach eigenen Angaben das Ziel, die Regierungsausgaben um 15 Prozent oder rund eine Billion US-Dollar zu senken. Zehntausende Stellen wurden bislang gestrichen oder sollen noch wegfallen. Betroffen sind etwa die staatliche Hilfsorganisation USAID, das Ministerium f\u00fcr Kriegsveteranen, die Abteilung f\u00fcr B\u00fcrgerrechte im Heimatschutzministerium, die Umweltbeh\u00f6rde EPA, die Raumfahrtbeh\u00f6rde Nasa, die Wetterbeh\u00f6rde NOAA, die Luftverkehrsbeh\u00f6rde FAA, das Friedensinstitut USIP und US-Auslandssender wie Voice of America.\u00a0\n<\/p>\n<p class=\"paragraph article__item\">Die Pl\u00e4ne sind Teil eines umfassenden Staatsumbaus unter Pr\u00e4sident Donald Trump, der in seiner zweiten Amtszeit mit Hilfe seines einflussreichen Beraters Elon Musk einen massiven R\u00fcckbau des Regierungsapparats vorantreibt. Auf Veranlassung des sogenannten Department of Government Efficiency (DOGE) wurden in vielen Beh\u00f6rden zehntausende Stellen gestrichen, insbesondere in den Bereichen Umwelt, Bildung, Arbeitsschutz und internationale Kooperation. Die US-Auslandshilfe USAid wurde weitgehend abgewickelt und dem <a class=\"rtr-entity\" href=\"https:\/\/www.zeit.de\/thema\/aussenministerium-der-vereinigten-staaten\" rel=\"nofollow noopener\" target=\"_blank\">US-Au\u00dfenministerium<\/a> unterstellt.\n<\/p>\n<p>                            \u00a9\u00a0AFP\/\u200bGetty Images<\/p>\n<p>\n                    Newsletter<\/p>\n<p>                    Wof\u00fcr leben wir? \u2013 Der Sinn-Newsletter<\/p>\n<p class=\"newsletter-signup__text\">Jeden Freitag bekommen Sie alle Texte rund um Sinnfragen, Lebensentscheidungen und Wendepunkte.<\/p>\n<p class=\"newsletter-signup__datapolicy\" hidden=\"\">\n            Mit Ihrer Registrierung nehmen Sie die <a href=\"https:\/\/datenschutz.zeit.de\/zon#Newsletter\" target=\"_blank\" rel=\"nofollow noopener\">Datenschutzerkl\u00e4rung<\/a> zur Kenntnis.\n        <\/p>\n<p>    Vielen Dank! Wir haben Ihnen eine E-Mail geschickt.<\/p>\n<p>Pr\u00fcfen Sie Ihr Postfach und best\u00e4tigen Sie das Newsletter-Abonnement.<\/p>\n<p class=\"paragraph article__item\">Ein fr\u00fcher Entwurf, \u00fcber den die New York Times berichtet hatte, sah vor, nahezu s\u00e4mtliche Aktivit\u00e4ten in Afrika einzustellen und diplomatische Vertretungen auf dem gesamten Kontinent zu schlie\u00dfen. Rubio wies diese Pl\u00e4ne inzwischen zur\u00fcck.\n<\/p>\n<p>Mehr zum Thema<\/p>\n<p>                <a href=\"https:\/\/www.zeit.de\/politik\/ausland\/2025-04\/kat-abughazaleh-usa-demokraten-donald-trump-soziale-medien\" data-ct-label=\"Kat Abughazaleh: &quot;Man hat mich schon als woke Antifa-Kommunistin bezeichnet&quot;\" rel=\"nofollow noopener\" target=\"_blank\"><\/p>\n<p>        Z+ (abopflichtiger Inhalt);<\/p>\n<p>    Kat Abughazaleh:<br \/>\n                        &#8222;Man hat mich schon als woke Antifa-Kommunistin bezeichnet&#8220;<\/p>\n<p>                <\/a><\/p>\n<p>                <a href=\"https:\/\/www.zeit.de\/politik\/ausland\/2025-04\/handelskonflikt-usa-china-harvard-ok-america\" data-ct-label=\"Handelskonflikt: Trump gegen China, Harvard gegen Trump \" rel=\"nofollow noopener\" target=\"_blank\"><\/p>\n<p>                        Handelskonflikt:<br \/>\n                        Trump gegen China, Harvard gegen Trump <\/p>\n<p>                <\/a><\/p>\n<p>                <a href=\"https:\/\/www.zeit.de\/kultur\/2025-03\/peter-thiel-ideologie-macht-oligarchen-ambitionen\" data-ct-label=\"Peter Thiel: Der Oligarch als Opfer \" rel=\"nofollow noopener\" target=\"_blank\"><\/p>\n<p>        Z+ (abopflichtiger Inhalt);<\/p>\n<p>    Peter Thiel:<br \/>\n                        Der Oligarch als Opfer <\/p>\n<p>                <\/a><\/p>\n","protected":false},"excerpt":{"rendered":"US-Au\u00dfenminister Marco Rubio hat eine tiefgreifende Umstrukturierung seines Hauses vorgeschlagen. Ziel sei es, \u00fcberfl\u00fcssige Strukturen abzubauen und Programme&hellip;\n","protected":false},"author":2,"featured_media":53069,"comment_status":"","ping_status":"","sticky":false,"template":"","format":"standard","meta":{"footnotes":""},"categories":[3],"tags":[3057,12315,25226,13,1110,409,14,15,16,12,25225,25224,10,8,9,11,64,320,103,104],"class_list":{"0":"post-53068","1":"post","2":"type-post","3":"status-publish","4":"format-standard","5":"has-post-thumbnail","7":"category-welt","8":"tag-amerika","9":"tag-aussenministerium-der-vereinigten-staaten","10":"tag-grossmacht","11":"tag-headlines","12":"tag-kuerzung","13":"tag-marco-rubio","14":"tag-nachrichten","15":"tag-news","16":"tag-politik","17":"tag-schlagzeilen","18":"tag-staatsumbau","19":"tag-staatsumbau-in-den-usa","20":"tag-top-news","21":"tag-top-meldungen","22":"tag-topmeldungen","23":"tag-topnews","24":"tag-usa","25":"tag-washington","26":"tag-welt","27":"tag-world"},"share_on_mastodon":{"url":"https:\/\/pubeurope.com\/@de\/114383723086338560","error":""},"_links":{"self":[{"href":"https:\/\/www.europesays.com\/de\/wp-json\/wp\/v2\/posts\/53068","targetHints":{"allow":["GET"]}}],"collection":[{"href":"https:\/\/www.europesays.com\/de\/wp-json\/wp\/v2\/posts"}],"about":[{"href":"https:\/\/www.europesays.com\/de\/wp-json\/wp\/v2\/types\/post"}],"author":[{"embeddable":true,"href":"https:\/\/www.europesays.com\/de\/wp-json\/wp\/v2\/users\/2"}],"replies":[{"embeddable":true,"href":"https:\/\/www.europesays.com\/de\/wp-json\/wp\/v2\/comments?post=53068"}],"version-history":[{"count":0,"href":"https:\/\/www.europesays.com\/de\/wp-json\/wp\/v2\/posts\/53068\/revisions"}],"wp:featuredmedia":[{"embeddable":true,"href":"https:\/\/www.europesays.com\/de\/wp-json\/wp\/v2\/media\/53069"}],"wp:attachment":[{"href":"https:\/\/www.europesays.com\/de\/wp-json\/wp\/v2\/media?parent=53068"}],"wp:term":[{"taxonomy":"category","embeddable":true,"href":"https:\/\/www.europesays.com\/de\/wp-json\/wp\/v2\/categories?post=53068"},{"taxonomy":"post_tag","embeddable":true,"href":"https:\/\/www.europesays.com\/de\/wp-json\/wp\/v2\/tags?post=53068"}],"curies":[{"name":"wp","href":"https:\/\/api.w.org\/{rel}","templated":true}]}}