{"id":530692,"date":"2025-10-27T14:47:16","date_gmt":"2025-10-27T14:47:16","guid":{"rendered":"https:\/\/www.europesays.com\/de\/530692\/"},"modified":"2025-10-27T14:47:16","modified_gmt":"2025-10-27T14:47:16","slug":"kuenstler-gestalten-flure-in-der-fluechtlingsunterkunft","status":"publish","type":"post","link":"https:\/\/www.europesays.com\/de\/530692\/","title":{"rendered":"K\u00fcnstler gestalten Flure in der Fl\u00fcchtlingsunterkunft"},"content":{"rendered":"<p class=\"text_ohne_einzug richtext text-em-55 !leading-serif mx-6 desktop:mx-0\">In einer gemeinsamen Aktion mit dem in Moers-Kapellen von Angelika Petri und Frank Merz betriebenen Forum f\u00fcr zeitgen\u00f6ssische Kunst \u201eSeewerk\u201c und dem Rotary Club Moers haben am Freitag drei D\u00fcsseldorfer K\u00fcnstler die Flure einer im letzten Sommer in Moers-Genend neu er\u00f6ffneten Unterkunft f\u00fcr ukrainische Fl\u00fcchtlinge gestaltet. Denn: Wir alle w\u00fcnschen uns ein heimeliges Zuhause, doch viele Fl\u00fcchtlingsunterk\u00fcnfte bieten ihren Bewohnern nur das N\u00f6tigste. Das gilt auch f\u00fcr diese Fl\u00fcchtlingsunterkunft und die dort zurzeit wohnenden rund 80 ukrainischen Frauen, M\u00e4nner und Kinder.<\/p>\n","protected":false},"excerpt":{"rendered":"In einer gemeinsamen Aktion mit dem in Moers-Kapellen von Angelika Petri und Frank Merz betriebenen Forum f\u00fcr zeitgen\u00f6ssische&hellip;\n","protected":false},"author":2,"featured_media":530693,"comment_status":"","ping_status":"","sticky":false,"template":"","format":"standard","meta":{"footnotes":""},"categories":[1838],"tags":[5238,3364,29,3715,14260,17442,55046,130450,130449,30,3910,10427,130448,25500,1209,27129,130451,2715,32990,15660],"class_list":{"0":"post-530692","1":"post","2":"type-post","3":"status-publish","4":"format-standard","5":"has-post-thumbnail","7":"category-duisburg","8":"tag-club","9":"tag-de","10":"tag-deutschland","11":"tag-duisburg","12":"tag-fluechtlingsunterkunft","13":"tag-fluechtlingsunterkuenfte","14":"tag-flur","15":"tag-genend","16":"tag-genender","17":"tag-germany","18":"tag-kuenstler","19":"tag-kuenstlerische","20":"tag-moer","21":"tag-moerser","22":"tag-nordrhein-westfalen","23":"tag-rotary","24":"tag-seewerk","25":"tag-sommer","26":"tag-sommerfest","27":"tag-unterkunft"},"share_on_mastodon":{"url":"https:\/\/pubeurope.com\/@de\/115446680503241314","error":""},"_links":{"self":[{"href":"https:\/\/www.europesays.com\/de\/wp-json\/wp\/v2\/posts\/530692","targetHints":{"allow":["GET"]}}],"collection":[{"href":"https:\/\/www.europesays.com\/de\/wp-json\/wp\/v2\/posts"}],"about":[{"href":"https:\/\/www.europesays.com\/de\/wp-json\/wp\/v2\/types\/post"}],"author":[{"embeddable":true,"href":"https:\/\/www.europesays.com\/de\/wp-json\/wp\/v2\/users\/2"}],"replies":[{"embeddable":true,"href":"https:\/\/www.europesays.com\/de\/wp-json\/wp\/v2\/comments?post=530692"}],"version-history":[{"count":0,"href":"https:\/\/www.europesays.com\/de\/wp-json\/wp\/v2\/posts\/530692\/revisions"}],"wp:featuredmedia":[{"embeddable":true,"href":"https:\/\/www.europesays.com\/de\/wp-json\/wp\/v2\/media\/530693"}],"wp:attachment":[{"href":"https:\/\/www.europesays.com\/de\/wp-json\/wp\/v2\/media?parent=530692"}],"wp:term":[{"taxonomy":"category","embeddable":true,"href":"https:\/\/www.europesays.com\/de\/wp-json\/wp\/v2\/categories?post=530692"},{"taxonomy":"post_tag","embeddable":true,"href":"https:\/\/www.europesays.com\/de\/wp-json\/wp\/v2\/tags?post=530692"}],"curies":[{"name":"wp","href":"https:\/\/api.w.org\/{rel}","templated":true}]}}