{"id":530694,"date":"2025-10-27T14:48:19","date_gmt":"2025-10-27T14:48:19","guid":{"rendered":"https:\/\/www.europesays.com\/de\/530694\/"},"modified":"2025-10-27T14:48:19","modified_gmt":"2025-10-27T14:48:19","slug":"so-viel-erhaelt-die-stadt-aus-dem-sondervermoegen-fuer-infrastruktur","status":"publish","type":"post","link":"https:\/\/www.europesays.com\/de\/530694\/","title":{"rendered":"So viel erh\u00e4lt die Stadt aus dem Sonderverm\u00f6gen f\u00fcr Infrastruktur"},"content":{"rendered":"<p class=\"text_ohne_einzug richtext text-em-55 !leading-serif mx-6 desktop:mx-0\"> Die Stadt <a href=\"https:\/\/rp-online.de\/thema\/duisburg\/\" target=\"_blank\" rel=\"noopener\">Duisburg<\/a> steht nicht alleine da: Die finanzielle Lage der St\u00e4dte und Gemeinden in NRW verschlechtere sich weiter, konstatierte am Montag der Deutsche St\u00e4dtetag. Altschuldenl\u00f6sung und Sonderverm\u00f6gen seien \u201eein kleiner Lichtblick\u201c, w\u00fcrden aber die strukturelle und chronische Unterfinanzierung der kommunalen Haushalte nicht beheben. Drei Viertel der St\u00e4dte und Gemeinden sch\u00e4tzten ihre Haushalts- und Finanzsituation in den kommenden Jahren als \u201emangelhaft\u201c ein, ausgeglichene Haushalte gebe es praktisch nicht mehr. Das sind Ergebnisse der aktuellen Haushaltsumfrage unter allen St\u00e4dten und Gemeinden in NRW.<\/p>\n","protected":false},"excerpt":{"rendered":"Die Stadt Duisburg steht nicht alleine da: Die finanzielle Lage der St\u00e4dte und Gemeinden in NRW verschlechtere sich&hellip;\n","protected":false},"author":2,"featured_media":530695,"comment_status":"","ping_status":"","sticky":false,"template":"","format":"standard","meta":{"footnotes":""},"categories":[1838],"tags":[11214,8681,130452,752,66558,4488,24425,3364,29,3715,30,5544,130453,4782,1236,3414,6626,82297,1209,1954,77160],"class_list":{"0":"post-530694","1":"post","2":"type-post","3":"status-publish","4":"format-standard","5":"has-post-thumbnail","7":"category-duisburg","8":"tag-11214","9":"tag-8681","10":"tag-ankommt","11":"tag-bildung","12":"tag-bildungsinfrastruktur","13":"tag-bund","14":"tag-bundesmittel","15":"tag-de","16":"tag-deutschland","17":"tag-duisburg","18":"tag-germany","19":"tag-infrastruktur","20":"tag-infrastrukturkosten","21":"tag-klimaneutralitaet","22":"tag-kommunen","23":"tag-land","24":"tag-landesregierung","25":"tag-murrack","26":"tag-nordrhein-westfalen","27":"tag-sondervermoegen","28":"tag-verkehrsinfrastruktur"},"share_on_mastodon":{"url":"https:\/\/pubeurope.com\/@de\/115446684424546772","error":""},"_links":{"self":[{"href":"https:\/\/www.europesays.com\/de\/wp-json\/wp\/v2\/posts\/530694","targetHints":{"allow":["GET"]}}],"collection":[{"href":"https:\/\/www.europesays.com\/de\/wp-json\/wp\/v2\/posts"}],"about":[{"href":"https:\/\/www.europesays.com\/de\/wp-json\/wp\/v2\/types\/post"}],"author":[{"embeddable":true,"href":"https:\/\/www.europesays.com\/de\/wp-json\/wp\/v2\/users\/2"}],"replies":[{"embeddable":true,"href":"https:\/\/www.europesays.com\/de\/wp-json\/wp\/v2\/comments?post=530694"}],"version-history":[{"count":0,"href":"https:\/\/www.europesays.com\/de\/wp-json\/wp\/v2\/posts\/530694\/revisions"}],"wp:featuredmedia":[{"embeddable":true,"href":"https:\/\/www.europesays.com\/de\/wp-json\/wp\/v2\/media\/530695"}],"wp:attachment":[{"href":"https:\/\/www.europesays.com\/de\/wp-json\/wp\/v2\/media?parent=530694"}],"wp:term":[{"taxonomy":"category","embeddable":true,"href":"https:\/\/www.europesays.com\/de\/wp-json\/wp\/v2\/categories?post=530694"},{"taxonomy":"post_tag","embeddable":true,"href":"https:\/\/www.europesays.com\/de\/wp-json\/wp\/v2\/tags?post=530694"}],"curies":[{"name":"wp","href":"https:\/\/api.w.org\/{rel}","templated":true}]}}