{"id":530696,"date":"2025-10-27T14:49:13","date_gmt":"2025-10-27T14:49:13","guid":{"rendered":"https:\/\/www.europesays.com\/de\/530696\/"},"modified":"2025-10-27T14:49:13","modified_gmt":"2025-10-27T14:49:13","slug":"nazi-exorzismus-richard-siegals-videoinstallation-art-life-kultur","status":"publish","type":"post","link":"https:\/\/www.europesays.com\/de\/530696\/","title":{"rendered":"Nazi-Exorzismus: Richard Siegals Videoinstallation \u201eart.Life\u201c &#8211; Kultur"},"content":{"rendered":"<p data-manual=\"paragraph\" data-schema-org-speakable=\"true\" class=\"css-9njfp7\">Der Parkplatzw\u00e4chter ist emp\u00f6rt. \u201eSo nicht, Herrschaften\u201c, ruft der Mann einer Familie hinterher, die ihren Wagen nicht weisungsgem\u00e4\u00df abgestellt hat und gerade in der Manege des Zirkus Charles Knie verschwindet. Die Artisten sind nicht die einzigen Performer an diesem st\u00fcrmischen Herbstnachmittag auf dem N\u00fcrnberger Reichsparteitagsgel\u00e4nde: Gleich nebenan montiert der Choreograf Richard Siegal seine Videoinstallation \u201eart.Life\u201c in die monumentale Kongresshalle. Der neue Ballettchef des Staatstheaters <a href=\"https:\/\/www.sueddeutsche.de\/thema\/N%C3%BCrnberg\" target=\"_blank\" rel=\"noopener\">N\u00fcrnberg<\/a> hat das Kunstwerk <a href=\"https:\/\/www.sueddeutsche.de\/muenchen\/japanese-precision-walk-lenbachhaus-richard-siegal-shudan-kodo-li.3247617\" target=\"_blank\" rel=\"noopener\">urspr\u00fcnglich f\u00fcr das M\u00fcnchner Lenbachhaus entworfen<\/a>. Es passt indes perfekt in die historisch kontaminierte Kulisse: Die traditionelle japanische Praxis des \u201eShudan Kodo\u201c, eines pr\u00e4zisen Schreitens mit paramilit\u00e4rischer Anmutung, wird auf ein Gem\u00e4uer projiziert, das als Versammlungsort f\u00fcr bis zu sechzigtausend Nationalsozialisten geplant war. Im Mittelpunkt: der F\u00fchrer mit oberlichtgeflutetem Haupt.<\/p>\n","protected":false},"excerpt":{"rendered":"Der Parkplatzw\u00e4chter ist emp\u00f6rt. \u201eSo nicht, Herrschaften\u201c, ruft der Mann einer Familie hinterher, die ihren Wagen nicht weisungsgem\u00e4\u00df&hellip;\n","protected":false},"author":2,"featured_media":530697,"comment_status":"","ping_status":"","sticky":false,"template":"","format":"standard","meta":{"footnotes":""},"categories":[1837],"tags":[772,3364,29,30,2989,80,4156,57,3783,149,6907],"class_list":{"0":"post-530696","1":"post","2":"type-post","3":"status-publish","4":"format-standard","5":"has-post-thumbnail","7":"category-nuernberg","8":"tag-bayern","9":"tag-de","10":"tag-deutschland","11":"tag-germany","12":"tag-geschichte","13":"tag-kultur","14":"tag-mittelfranken","15":"tag-nationalsozialismus","16":"tag-nuernberg","17":"tag-sueddeutsche-zeitung","18":"tag-tanz"},"share_on_mastodon":{"url":"https:\/\/pubeurope.com\/@de\/115446688399498953","error":""},"_links":{"self":[{"href":"https:\/\/www.europesays.com\/de\/wp-json\/wp\/v2\/posts\/530696","targetHints":{"allow":["GET"]}}],"collection":[{"href":"https:\/\/www.europesays.com\/de\/wp-json\/wp\/v2\/posts"}],"about":[{"href":"https:\/\/www.europesays.com\/de\/wp-json\/wp\/v2\/types\/post"}],"author":[{"embeddable":true,"href":"https:\/\/www.europesays.com\/de\/wp-json\/wp\/v2\/users\/2"}],"replies":[{"embeddable":true,"href":"https:\/\/www.europesays.com\/de\/wp-json\/wp\/v2\/comments?post=530696"}],"version-history":[{"count":0,"href":"https:\/\/www.europesays.com\/de\/wp-json\/wp\/v2\/posts\/530696\/revisions"}],"wp:featuredmedia":[{"embeddable":true,"href":"https:\/\/www.europesays.com\/de\/wp-json\/wp\/v2\/media\/530697"}],"wp:attachment":[{"href":"https:\/\/www.europesays.com\/de\/wp-json\/wp\/v2\/media?parent=530696"}],"wp:term":[{"taxonomy":"category","embeddable":true,"href":"https:\/\/www.europesays.com\/de\/wp-json\/wp\/v2\/categories?post=530696"},{"taxonomy":"post_tag","embeddable":true,"href":"https:\/\/www.europesays.com\/de\/wp-json\/wp\/v2\/tags?post=530696"}],"curies":[{"name":"wp","href":"https:\/\/api.w.org\/{rel}","templated":true}]}}