{"id":530700,"date":"2025-10-27T14:51:14","date_gmt":"2025-10-27T14:51:14","guid":{"rendered":"https:\/\/www.europesays.com\/de\/530700\/"},"modified":"2025-10-27T14:51:14","modified_gmt":"2025-10-27T14:51:14","slug":"pol-h-mitte-polizei-nimmt-vier-tatverdaechtige-nach-schwerem-angriff-fest","status":"publish","type":"post","link":"https:\/\/www.europesays.com\/de\/530700\/","title":{"rendered":"POL-H: Mitte &#8211; Polizei nimmt vier Tatverd\u00e4chtige nach schwerem Angriff fest"},"content":{"rendered":"<p class=\"date\">27.10.2025 \u2013 15:27<\/p>\n<p class=\"customer\">\n                        <a class=\"story-customer\" title=\"weiter zum newsroom von Polizeidirektion Hannover\" href=\"https:\/\/www.presseportal.de\/blaulicht\/nr\/66841\" rel=\"nofollow noopener\" target=\"_blank\">Polizeidirektion Hannover<\/a>\n                    <\/p>\n<p><a data-category=\"citylink-story-view\" data-action=\"click\" data-label=\"Citylink in Meldungsansicht\" class=\"story-city event-trigger\" href=\"https:\/\/www.presseportal.de\/regional\/Hannover\" title=\"News aus Hannover \" rel=\"nofollow noopener\" target=\"_blank\">Hannover<\/a> (ots)<\/p>\n<p>Am Sonntagnachmittag, 26.10.2025, haben Einsatzkr\u00e4fte der Polizei in der Eilenriede vier M\u00e4nner gestellt, die im Verdacht stehen, kurz zuvor drei M\u00e4nner in der Augustenstra\u00dfe schwer und leicht verletzt zu haben. Nach bisherigen Erkenntnissen umringten die mutma\u00dflichen T\u00e4ter die M\u00e4nner vor dem Kontakt- und Konsumraum &#8222;Stellwerk&#8220; und verletzten diese bei einer Auseinandersetzung mit einem Stichwerkzeug und durch Schl\u00e4ge und Tritte.<\/p>\n<p>Dies ist eine gemeinsame Pressemitteilung der Staatsanwaltschaft Hannover und der Polizeidirektion Hannover.<\/p>\n<p>Den Ermittlungen zufolge hielten sich die Angegriffenen gegen 13:40 Uhr mit auf dem Vorplatz des Stellwerks in der Augustenstra\u00dfe auf, als diese pl\u00f6tzlich von mehreren Personen umringt wurden. Im Zuge der darauffolgenden Auseinandersetzung erlitt ein 28-J\u00e4hriger eine schwere Stichverletzung. Sein ebenso 28-J\u00e4hriger Begleiter und ein 20-J\u00e4hriger wurden bei dem Angriff leicht verletzt. Die Angreifer fl\u00fcchteten anschlie\u00dfend vom Tatort.<\/p>\n<p>Im Rahmen der sofort eingeleiteten Fahndung stellten Einsatzkr\u00e4fte wenig sp\u00e4ter vier tatverd\u00e4chtige M\u00e4nner im Bereich der Eilenriede nahe des Emmichplatzes. Alle wurden festgenommen und in das Polizeigewahrsam gebracht. Die Staatsanwaltschaft Hannover beantragt f\u00fcr einen 19-J\u00e4hrigen und einen 34-j\u00e4hrigen Mann Untersuchungshaft. Die beiden Tatverd\u00e4chtigen werden heute einem Haftrichter vorgef\u00fchrt. Eine richterliche Entscheidung bez\u00fcglich der Untersuchungshaft steht noch aus. Die zwei weiteren Festgenommenen wurden nach Durchf\u00fchrung von polizeilichen Ma\u00dfnahmen wieder entlassen.<\/p>\n<p>Die Verletzten wurden vor Ort not\u00e4rztlich versorgt und in ein Krankenhaus gebracht. Der 28-j\u00e4hrige Schwerverletzte befindet sich derzeit in einem stabilen Zustand. Seine Begleiter konnten nach ambulanter Behandlung entlassen werden.<\/p>\n<p>Die Ermittlungen zu den Hintergr\u00fcnden der Tat und zur genauen Tatbeteiligung der Festgenommenen dauern an. Dar\u00fcber hinaus pr\u00fcfen die Ermittler m\u00f6gliche Zusammenh\u00e4nge mit weiteren Vorf\u00e4llen im Umfeld des Stellwerks in der j\u00fcngeren Vergangenheit. Die Abteilung f\u00fcr Kapitalverbrechen der Staatsanwaltschaft Hannover hat das Verfahren \u00fcbernommen und stuft es als versuchten Totschlag ein.<\/p>\n<p>Zeugen, die Hinweise zum Tatgeschehen oder zu den beteiligten Personen geben k\u00f6nnen, werden gebeten, sich beim Polizeikommissariat Hannover-Mitte unter der Telefonnummer 0511 109-2815 zu melden. \/ms, pol<\/p>\n<p class=\"contact-headline\">R\u00fcckfragen bitte an:<\/p>\n<p class=\"contact-text\">Polizeidirektion Hannover<br \/>Marcus Schmieder<br \/>Telefon: 0511 109-1040<br \/>E-Mail: <a href=\"https:\/\/www.presseportal.de\/blaulicht\/pm\/66841\/mailto: pressestelle@pd-h.polizei.niedersachsen.de\" class=\"uri-mailto\" rel=\"nofollow noopener\" target=\"_blank\"> pressestelle@pd-h.polizei.niedersachsen.de<\/a><br \/><a target=\"_blank\" class=\"uri-ext outbound\" rel=\"noopener nofollow\" href=\"https:\/\/www.pd-h.polizei-nds.de\">https:\/\/www.pd-h.polizei-nds.de<\/a><\/p>\n<p class=\"originator\">Original-Content von: Polizeidirektion Hannover, \u00fcbermittelt durch news aktuell<\/p>\n","protected":false},"excerpt":{"rendered":"27.10.2025 \u2013 15:27 Polizeidirektion Hannover Hannover (ots) Am Sonntagnachmittag, 26.10.2025, haben Einsatzkr\u00e4fte der Polizei in der Eilenriede vier&hellip;\n","protected":false},"author":2,"featured_media":386213,"comment_status":"","ping_status":"","sticky":false,"template":"","format":"standard","meta":{"footnotes":""},"categories":[1836],"tags":[3364,29,30,46,177,5404,1411,121,178,180,179,181],"class_list":{"0":"post-530700","1":"post","2":"type-post","3":"status-publish","4":"format-standard","5":"has-post-thumbnail","7":"category-hannover","8":"tag-de","9":"tag-deutschland","10":"tag-germany","11":"tag-hannover","12":"tag-kriminalitt","13":"tag-ni","14":"tag-niedersachsen","15":"tag-polizei","16":"tag-presse","17":"tag-pressemeldung","18":"tag-pressemitteilung","19":"tag-pressemitteilungen"},"share_on_mastodon":{"url":"https:\/\/pubeurope.com\/@de\/115446696232909396","error":""},"_links":{"self":[{"href":"https:\/\/www.europesays.com\/de\/wp-json\/wp\/v2\/posts\/530700","targetHints":{"allow":["GET"]}}],"collection":[{"href":"https:\/\/www.europesays.com\/de\/wp-json\/wp\/v2\/posts"}],"about":[{"href":"https:\/\/www.europesays.com\/de\/wp-json\/wp\/v2\/types\/post"}],"author":[{"embeddable":true,"href":"https:\/\/www.europesays.com\/de\/wp-json\/wp\/v2\/users\/2"}],"replies":[{"embeddable":true,"href":"https:\/\/www.europesays.com\/de\/wp-json\/wp\/v2\/comments?post=530700"}],"version-history":[{"count":0,"href":"https:\/\/www.europesays.com\/de\/wp-json\/wp\/v2\/posts\/530700\/revisions"}],"wp:featuredmedia":[{"embeddable":true,"href":"https:\/\/www.europesays.com\/de\/wp-json\/wp\/v2\/media\/386213"}],"wp:attachment":[{"href":"https:\/\/www.europesays.com\/de\/wp-json\/wp\/v2\/media?parent=530700"}],"wp:term":[{"taxonomy":"category","embeddable":true,"href":"https:\/\/www.europesays.com\/de\/wp-json\/wp\/v2\/categories?post=530700"},{"taxonomy":"post_tag","embeddable":true,"href":"https:\/\/www.europesays.com\/de\/wp-json\/wp\/v2\/tags?post=530700"}],"curies":[{"name":"wp","href":"https:\/\/api.w.org\/{rel}","templated":true}]}}