{"id":530708,"date":"2025-10-27T14:56:10","date_gmt":"2025-10-27T14:56:10","guid":{"rendered":"https:\/\/www.europesays.com\/de\/530708\/"},"modified":"2025-10-27T14:56:10","modified_gmt":"2025-10-27T14:56:10","slug":"bremen-gesuchtes-betruegerpaerchen-am-flughafen-festgenommen-regional","status":"publish","type":"post","link":"https:\/\/www.europesays.com\/de\/530708\/","title":{"rendered":"Bremen: Gesuchtes Betr\u00fcgerp\u00e4rchen am Flughafen festgenommen | Regional"},"content":{"rendered":"<p>Bremen \u2013 <b>Ein gesuchtes Betr\u00fcgerpaar wurde am Bremer Flughafen geschnappt.<\/b><\/p>\n<p>Am Samstagnachmittag, dem 25.10.2025 um 15.50 Uhr, klickten die Handschellen f\u00fcr das Ehepaar, das nach London fliegen wollte. Bei der Ausreisekontrolle stellten Bundespolizisten fest, dass der 26-j\u00e4hrige Mann und seine gleichaltrige Frau per Haftbefehl gesucht wurden. Der Grund: Einmietbetrug mit einem Schaden von \u00fcber 8.000 Euro. Zudem waren sie im September nicht zu ihrer Gerichtsverhandlung in Hannover erschienen, was zur Untersuchungshaft f\u00fchrte.<\/p>\n<p>Der Flug nach London fiel f\u00fcr die beiden somit ins Wasser. Nach den polizeilichen Ma\u00dfnahmen wurden sie an die Polizei Bremen \u00fcbergeben und in die Haftanstalt gebracht.<\/p>\n<p>Dieser Text basiert auf einer offiziellen Beh\u00f6rden-Information und wurde mit Hilfe von KI erstellt.<\/p>\n","protected":false},"excerpt":{"rendered":"Bremen \u2013 Ein gesuchtes Betr\u00fcgerpaar wurde am Bremer Flughafen geschnappt. Am Samstagnachmittag, dem 25.10.2025 um 15.50 Uhr, klickten&hellip;\n","protected":false},"author":2,"featured_media":464133,"comment_status":"","ping_status":"","sticky":false,"template":"","format":"standard","meta":{"footnotes":""},"categories":[1824],"tags":[1483,2420,3364,29,30,2509,121,45,1995],"class_list":{"0":"post-530708","1":"post","2":"type-post","3":"status-publish","4":"format-standard","5":"has-post-thumbnail","7":"category-bremen","8":"tag-betrug","9":"tag-bremen","10":"tag-de","11":"tag-deutschland","12":"tag-germany","13":"tag-ki-ots","14":"tag-polizei","15":"tag-texttospeech","16":"tag-verbrechen"},"share_on_mastodon":{"url":"https:\/\/pubeurope.com\/@de\/115446715967342914","error":""},"_links":{"self":[{"href":"https:\/\/www.europesays.com\/de\/wp-json\/wp\/v2\/posts\/530708","targetHints":{"allow":["GET"]}}],"collection":[{"href":"https:\/\/www.europesays.com\/de\/wp-json\/wp\/v2\/posts"}],"about":[{"href":"https:\/\/www.europesays.com\/de\/wp-json\/wp\/v2\/types\/post"}],"author":[{"embeddable":true,"href":"https:\/\/www.europesays.com\/de\/wp-json\/wp\/v2\/users\/2"}],"replies":[{"embeddable":true,"href":"https:\/\/www.europesays.com\/de\/wp-json\/wp\/v2\/comments?post=530708"}],"version-history":[{"count":0,"href":"https:\/\/www.europesays.com\/de\/wp-json\/wp\/v2\/posts\/530708\/revisions"}],"wp:featuredmedia":[{"embeddable":true,"href":"https:\/\/www.europesays.com\/de\/wp-json\/wp\/v2\/media\/464133"}],"wp:attachment":[{"href":"https:\/\/www.europesays.com\/de\/wp-json\/wp\/v2\/media?parent=530708"}],"wp:term":[{"taxonomy":"category","embeddable":true,"href":"https:\/\/www.europesays.com\/de\/wp-json\/wp\/v2\/categories?post=530708"},{"taxonomy":"post_tag","embeddable":true,"href":"https:\/\/www.europesays.com\/de\/wp-json\/wp\/v2\/tags?post=530708"}],"curies":[{"name":"wp","href":"https:\/\/api.w.org\/{rel}","templated":true}]}}