{"id":530759,"date":"2025-10-27T15:24:16","date_gmt":"2025-10-27T15:24:16","guid":{"rendered":"https:\/\/www.europesays.com\/de\/530759\/"},"modified":"2025-10-27T15:24:16","modified_gmt":"2025-10-27T15:24:16","slug":"maike-von-bremen-ex-gzsz-star-zeigt-graue-haare","status":"publish","type":"post","link":"https:\/\/www.europesays.com\/de\/530759\/","title":{"rendered":"Maike von Bremen: Ex-GZSZ-Star zeigt graue Haare"},"content":{"rendered":"<p>&#8222;Wie unterschiedlich doch die Ma\u00dfst\u00e4be sind&#8220; <\/p>\n<p>Ex-GZSZ-Star Maike von Bremen zeigt ihre grauen Haare<\/p>\n<p>27.10.2025 &#8211; 15:25 UhrLesedauer: 2 Min.<\/p>\n<p><a href=\"#focus-0\" class=\"transition-colors duration-200 block text-current relative\" data-sctrack=\"FocusGalleryImage.Reference\"><img fetchpriority=\"high\" data-testid=\"Opener.Image\" style=\"--lqipURL:url('https:\/\/images.t-online.de\/2025\/10\/cx4ceo9mYdtH\/0x220:2090x1175\/fit-in\/150x0\/filters:blur(25)\/maike-von-bremen-die-schauspielerin-wurde-anfang-der-2000er-jahre-bekannt.jpg')\"   loading=\"eager\" src=\"https:\/\/www.europesays.com\/de\/wp-content\/uploads\/2025\/10\/maike-von-bremen-die-schauspielerin-wurde-anfang-der-2000er-jahre-bekannt.jpg\" alt=\"Maike von Bremen: Die Schauspielerin wurde Anfang der 2000er-Jahre bekannt.\" title=\"Maike von Bremen: Die Schauspielerin wurde Anfang der 2000er-Jahre bekannt.\" width=\"2090\" height=\"1175\" class=\"bg-[url:var(--lqipURL)] bg-cover bg-center flex h-full w-full max-w-full\" decoding=\"async\"\/><img style=\"--width:32;--height:32\" loading=\"lazy\" src=\"https:\/\/www.t-online.de\/s\/paper\/_next\/static\/media\/zoom-in.f7dae02f.svg\" alt=\"Vergr\u00f6\u00dfern des Bildes\" title=\"Vergr\u00f6\u00dfern des Bildes\" class=\"block h-[calc(var(--height)_\/_16_*_1rem)] w-[calc(var(--width)_\/_16_*_1rem)] max-w-none absolute bottom-8 right-8 rounded-4 bg-snow p-8\" decoding=\"async\"\/><\/a><\/p>\n<p>Maike von Bremen: Die Schauspielerin wurde Anfang der 2000er-Jahre bekannt. (Quelle: IMAGO \/ BREUEL-BILD)<\/p>\n<p class=\"font-bold text-18 leading-17\"><strong class=\"font-bold\">Maike von Bremen ist vielen aus ihrer Zeit bei GZSZ bekannt. <\/strong>F\u00fcr ein Instagram-Video filmt sie sich jetzt optisch ver\u00e4ndert und spricht offen \u00fcber ihren Umgang damit.<\/p>\n<p class=\"text-18 leading-17\">Ex-GZSZ-Darstellerin Maike von <a rel=\"nofollow noopener\" target=\"_blank\" class=\"transition-colors duration-200 cursor-pointer text-inherit no-underline text-salemsfur md:hover:text-magenta md:hover:border-magenta md:focus:text-magenta border-current border-b border-solid break-words\" href=\"https:\/\/bremen.t-online.de\/region\/bremen\/\" data-sctrack=\"BodyAnchor\">Bremen<\/a>, die bis 2008 in der Rolle der Sandra Lemke zu sehen war, thematisierte die sichtbaren Spuren des \u00c4lterwerdens. In einem aktuellen Instagram-Beitrag sprach die 44-J\u00e4hrige \u00fcber ihre grauen Str\u00e4hnen und erkl\u00e4rte die damit verbundenen gesellschaftlichen Reaktionen. Zudem hat sie ihre eigenen Gef\u00fchle zu dem Thema offengelegt.<\/p>\n<p class=\"text-18 leading-17\">In einem Video, das sie mit grauen Haaren zeigt, sagte Maike von Bremen: &#8222;Ich habe fr\u00fcher immer gesagt, Altern w\u00fcrde mir \u00fcberhaupt nichts ausmachen. Und jetzt, wo ich auch mit den ganzen Menopause-Symptomen so mittendrin stecke, merke ich, dass das eine glatte L\u00fcge war.&#8220; Dennoch freunde sie sich mit den wei\u00dfen Str\u00e4hnen immer mehr an.<\/p>\n<p class=\"text-18 leading-17\">Wenn ihr aber mal wieder danach sei, k\u00f6nne sie sie ja einfach t\u00f6nen, so Maike von Bremen. Doch: &#8222;Momentan gef\u00e4llt mir dieses Gesicht auf eine gewisse Art. Aber kaum war ich mal wieder mit der gro\u00dfen Au\u00dfenwelt in Kontakt, stellte ich fest, dass unsere Gesellschaft nach wie vor noch nicht unbedingt so weit ist.&#8220; Dann berichtete sie von einem Gespr\u00e4ch mit einer Agentur, dabei ging es um ein m\u00f6gliches Comeback als Schauspielerin. Dieses bed\u00fcrfe neuer Portr\u00e4tfotos, sagte Maike von Bremen, die weiter erz\u00e4hlte: &#8222;In dem Gespr\u00e4ch kam die Frage auf, wie wir mit meinen Haaren umgehen. Die Dame sagte mir, dass mein Gesicht nun mal sehr viel j\u00fcnger aussieht als meine Haare und dass das ein Kontrast sein k\u00f6nnte.&#8220; So habe man sich schlie\u00dflich auf Fotos mit grauen Schl\u00e4fen und auf Bilder mit get\u00f6nten Haaren geeinigt.<\/p>\n<p class=\"text-18 leading-17\">Maike von Bremen sagte: &#8222;Es hat mich wieder mal daran erinnert, wie unterschiedlich doch die Ma\u00dfst\u00e4be immer noch sind. Sobald ein Mann graue Schl\u00e4fen kriegt, sind alle total sexualisiert und begeistert und sehen ihn als <a class=\"transition-colors duration-200 cursor-pointer text-inherit no-underline text-salemsfur md:hover:text-magenta md:hover:border-magenta md:focus:text-magenta border-current border-b border-solid break-words\" href=\"https:\/\/www.t-online.de\/themen\/george-clooney\/\" data-sctrack=\"BodyAnchor\" target=\"_blank\" rel=\"noopener\">George Clooney<\/a>. Wenn eine Frau graue Schl\u00e4fen bekommen, dann ist das etwas Bedrohliches.&#8220; Doch sie versuche trotz allem, ihre Schl\u00e4fen jetzt noch eine Weile mit &#8222;sehr viel Stolz zu tragen&#8220;.<\/p>\n<p class=\"text-18 leading-17\">Zu Maike von Bremens Post haben sich zahlreiche Kommentare gesammelt. &#8222;Toll schaust du aus&#8220;, schrieb etwa Moderatorin Caroline Beil. Nina Bott, die ebenfalls durch &#8222;Gute Zeiten, schlechte Zeiten&#8220; bekannt wurde, kommentierte: &#8222;Du bist genau richtig und wundersch\u00f6n, so wie du bist! Und wenn DU Lust hast auf blond, braun oder rot, dann tu&#8217;s! Aber ich finde das richtig gut so!&#8220; Viele Beitr\u00e4ge gingen in eine \u00e4hnliche Richtung. Jemand schrieb auch, dass Maike von Bremen sehr sympathisch wirke.<\/p>\n","protected":false},"excerpt":{"rendered":"&#8222;Wie unterschiedlich doch die Ma\u00dfst\u00e4be sind&#8220; Ex-GZSZ-Star Maike von Bremen zeigt ihre grauen Haare 27.10.2025 &#8211; 15:25 UhrLesedauer:&hellip;\n","protected":false},"author":2,"featured_media":530760,"comment_status":"","ping_status":"","sticky":false,"template":"","format":"standard","meta":{"footnotes":""},"categories":[1773],"tags":[29,214,30,725,130460,471,1780,215],"class_list":{"0":"post-530759","1":"post","2":"type-post","3":"status-publish","4":"format-standard","5":"has-post-thumbnail","7":"category-serien","8":"tag-deutschland","9":"tag-entertainment","10":"tag-germany","11":"tag-gzsz","12":"tag-maike-von-bremen","13":"tag-serien","14":"tag-series","15":"tag-unterhaltung"},"share_on_mastodon":{"url":"https:\/\/pubeurope.com\/@de\/115446826626610369","error":""},"_links":{"self":[{"href":"https:\/\/www.europesays.com\/de\/wp-json\/wp\/v2\/posts\/530759","targetHints":{"allow":["GET"]}}],"collection":[{"href":"https:\/\/www.europesays.com\/de\/wp-json\/wp\/v2\/posts"}],"about":[{"href":"https:\/\/www.europesays.com\/de\/wp-json\/wp\/v2\/types\/post"}],"author":[{"embeddable":true,"href":"https:\/\/www.europesays.com\/de\/wp-json\/wp\/v2\/users\/2"}],"replies":[{"embeddable":true,"href":"https:\/\/www.europesays.com\/de\/wp-json\/wp\/v2\/comments?post=530759"}],"version-history":[{"count":0,"href":"https:\/\/www.europesays.com\/de\/wp-json\/wp\/v2\/posts\/530759\/revisions"}],"wp:featuredmedia":[{"embeddable":true,"href":"https:\/\/www.europesays.com\/de\/wp-json\/wp\/v2\/media\/530760"}],"wp:attachment":[{"href":"https:\/\/www.europesays.com\/de\/wp-json\/wp\/v2\/media?parent=530759"}],"wp:term":[{"taxonomy":"category","embeddable":true,"href":"https:\/\/www.europesays.com\/de\/wp-json\/wp\/v2\/categories?post=530759"},{"taxonomy":"post_tag","embeddable":true,"href":"https:\/\/www.europesays.com\/de\/wp-json\/wp\/v2\/tags?post=530759"}],"curies":[{"name":"wp","href":"https:\/\/api.w.org\/{rel}","templated":true}]}}