{"id":530772,"date":"2025-10-27T15:31:15","date_gmt":"2025-10-27T15:31:15","guid":{"rendered":"https:\/\/www.europesays.com\/de\/530772\/"},"modified":"2025-10-27T15:31:15","modified_gmt":"2025-10-27T15:31:15","slug":"kurzarbeit-bei-bosch-beantragt-chipkrise-trifft-autozulieferer-geld","status":"publish","type":"post","link":"https:\/\/www.europesays.com\/de\/530772\/","title":{"rendered":"Kurzarbeit bei Bosch beantragt: Chipkrise trifft Autozulieferer | Geld"},"content":{"rendered":"<p> An dieser Stelle findest du den Text-to-Speech Player<\/p>\n<p> Um den TTS Player darzustellen, brauchen wir deine Zustimmung. <\/p>\n<p> externen Inhalt aktivieren  Um eingebettete Inhalte anzuzeigen, ist Ihre jederzeit widerrufliche Einwilligung (\u00fcber den Schalter oder \u00fcber &#8220; <a class=\"embed-placeholder__text-link\" href=\"#\" rel=\"noopener noreferrer\" title=\"Tracking widerrufen\"> Widerruf Tracking und Cookies<\/a> &#8220; am Seitenende) zur Verarbeitung personenbezogener Daten n\u00f6tig.  Dabei k\u00f6nnen Daten in Drittl\u00e4nder wie die USA \u00fcbermittelt werden (Art. 49 Abs. 1 lit. a DSGVO). Mit dem Aktivieren des Inhalts stimmen Sie zu. Weitere Infos finden Sie <a class=\"embed-placeholder__text-link\" href=\"#\" rel=\"noopener noreferrer\" title=\"Zu den Privatsph\u00e4re Einstellungen\"> hier<\/a>. <\/p>\n<p>Gerlingen (Baden-W\u00fcrttemberg) \u2013 <b>Der Chipmangel trifft Deutschlands Autoindustrie mitten ins Herz. Nach Angaben der IG Metall hat Bosch am Standort Salzgitter wegen der Engp\u00e4sse beim niederl\u00e4ndischen Halbleiterhersteller Nexperia bereits Kurzarbeit angemeldet. Laut Bosch-Betriebsrat Mario Gutmann wirkt sich die Knappheit dort besonders schnell aus, weil die Produktion im Just-in-Time-Verfahren l\u00e4uft.<\/b><\/p>\n<p>Bei ZF, dem zweitgr\u00f6\u00dften deutschen Autozulieferer, wurde nach Bekanntwerden der Nexperia-Probleme eine Taskforce eingerichtet, um mit Kunden und Lieferanten alternative Lieferketten zu pr\u00fcfen.<\/p>\n<p><img decoding=\"async\" width=\"992\" height=\"558\" alt=\"Das Werk von ZF in Dielingen, dem zweitgr\u00f6\u00dften Automobilzulieferer in Deutschland nacch Bosch\" src=\"https:\/\/www.europesays.com\/de\/wp-content\/uploads\/2025\/10\/4c3c364778cb8f103af196ef5b0e0688,387dc644\"   class=\"landscape\" loading=\"lazy\"\/><\/p>\n<p class=\"fig__caption__text\">Das Werk von ZF in Dielingen, dem zweitgr\u00f6\u00dften Automobilzulieferer in Deutschland nach Bosch<\/p>\n<p>Foto: picture alliance \/ Fotostand<\/p>\n<p>Die Krise geht weit \u00fcber Chips hinaus<\/p>\n<p>Schon vor der Chipkrise h\u00e4uften sich die Probleme: steigende Kosten, Umstellung auf E-Mobilit\u00e4t, sinkende Auftr\u00e4ge. Im Bosch-Werk Reutlingen sollen bis Ende des Jahrzehnts bis zu 1100 Jobs wegfallen. ZF Friedrichshafen k\u00fcndigte an, bis 2028 rund 14 000 Stellen in Deutschland zu streichen. <a href=\"https:\/\/www.bild.de\/geld\/wirtschaft\/continental-plant-massiven-stellenabbau-3000-jobs-betroffen-67b484e08059ab5668084695\" class=\"text-link\" target=\"_blank\" rel=\"noopener\">Continental streicht in Deutschland 1450 Stellen bis Ende 2026<\/a>. Auch Schaeffler (2800 Jobs in Deutschland), Brose (700) und Mahle (600) haben bereits Stellen abgebaut.<\/p>\n<p>Autoexperte Frank Schwope sagt zu BILD: \u201eDie Lage vieler Automobilzulieferer ist \u2013 ganz klar gesagt \u2013 ziemlich bescheiden.\u201c Auch die IG Metall warnt vor weiteren Verlusten in der Branche. Patrick Selzer von der IG Metall Saarbr\u00fccken sagt: \u201eWir m\u00fcssen derzeit davon ausgehen, dass uns Betriebe 2025, sp\u00e4testens aber bis Ende 2026 komplett wegbrechen werden.\u201c In vielen Werken w\u00e4chst die Verunsicherung. Besch\u00e4ftigte fragen sich, ob ihr Arbeitsplatz in der neuen Autoindustrie noch sicher ist \u2013 oder ob der Sparkurs bald auch sie trifft.<\/p>\n<p>Der Mensch hinter der Zahl<\/p>\n<p>Einer von ihnen ist Ralf Schinzel (59), Maschinenbau-Ingenieur aus Leonberg. Nach 33 Jahren bei Bosch verl\u00e4sst er das Unternehmen zum Jahresende \u2013 mit einer Abfindung. \u201eBosch lebt von der <a href=\"https:\/\/www.bild.de\/themen\/organisationen\/automobilhersteller\/news-fotos-videos-17015012.bild.html\" class=\"text-link\" target=\"_blank\" rel=\"noopener\">Autoindustrie<\/a>. Und wenn es der Autoindustrie schlecht geht, wirkt sich das unmittelbar auf Bosch aus.\u201c <\/p>\n<p><img decoding=\"async\" width=\"992\" height=\"1178\" alt=\"Ralf Schinzel (59)\" src=\"https:\/\/www.europesays.com\/de\/wp-content\/uploads\/2025\/10\/4edccf79c2be688c9443ee49216f72c3,d9defe98\"   class=\"portrait\" loading=\"lazy\"\/><\/p>\n<p class=\"fig__caption__text\">Ralf Schinzel (59): Nach 33 Jahren ist f\u00fcr ihn Schluss bei Bosch<\/p>\n<p>Foto: Hagen Stegm\u00fcller<\/p>\n<p>Trotz allem blickt Schinzel nach vorn: \u201eIch w\u00fcrde mich gerne um \u00c4ltere, Kranke oder Behinderte k\u00fcmmern.\u201c Mit 59 Jahren macht er ein Freiwilliges Soziales Jahr \u2013 und hofft, sp\u00e4ter noch einmal in den Beruf zur\u00fcckzukehren. Schinzel sagt: \u201eFachkr\u00e4fte werden immer gebraucht.\u201c<\/p>\n<p>Mehr zum Thema<\/p>\n<p><b>Frank Schwope<\/b> ist Dozent f\u00fcr Automobilwirtschaft an der Fachhochschule des Mittelstands in Berlin, Hannover und K\u00f6ln. Zuvor war er 24 Jahre bei der Landesbank NORD\/LB t\u00e4tig, insbesondere als Autoanalyst. Der Diplom-Kaufmann gilt als Kenner der Branche und beobachtet seit Jahrzehnten die Strategien der gro\u00dfen Hersteller.<\/p>\n","protected":false},"excerpt":{"rendered":"An dieser Stelle findest du den Text-to-Speech Player Um den TTS Player darzustellen, brauchen wir deine Zustimmung. externen&hellip;\n","protected":false},"author":2,"featured_media":530773,"comment_status":"","ping_status":"","sticky":false,"template":"","format":"standard","meta":{"footnotes":""},"categories":[134],"tags":[17401,513,175,170,169,29,1138,30,1026,171,174,24986,70055,45,173,172,373],"class_list":{"0":"post-530772","1":"post","2":"type-post","3":"status-publish","4":"format-standard","5":"has-post-thumbnail","7":"category-unternehmen-maerkte","8":"tag-arbeitsplatz","9":"tag-auto","10":"tag-business","11":"tag-companies","12":"tag-companies-markets","13":"tag-deutschland","14":"tag-elektroauto","15":"tag-germany","16":"tag-kuendigung","17":"tag-markets","18":"tag-maerkte","19":"tag-mein-geld","20":"tag-robert-bosch-gmbh","21":"tag-texttospeech","22":"tag-unternehmen","23":"tag-unternehmen-maerkte","24":"tag-volkswagen"},"share_on_mastodon":{"url":"https:\/\/pubeurope.com\/@de\/115446853591589568","error":""},"_links":{"self":[{"href":"https:\/\/www.europesays.com\/de\/wp-json\/wp\/v2\/posts\/530772","targetHints":{"allow":["GET"]}}],"collection":[{"href":"https:\/\/www.europesays.com\/de\/wp-json\/wp\/v2\/posts"}],"about":[{"href":"https:\/\/www.europesays.com\/de\/wp-json\/wp\/v2\/types\/post"}],"author":[{"embeddable":true,"href":"https:\/\/www.europesays.com\/de\/wp-json\/wp\/v2\/users\/2"}],"replies":[{"embeddable":true,"href":"https:\/\/www.europesays.com\/de\/wp-json\/wp\/v2\/comments?post=530772"}],"version-history":[{"count":0,"href":"https:\/\/www.europesays.com\/de\/wp-json\/wp\/v2\/posts\/530772\/revisions"}],"wp:featuredmedia":[{"embeddable":true,"href":"https:\/\/www.europesays.com\/de\/wp-json\/wp\/v2\/media\/530773"}],"wp:attachment":[{"href":"https:\/\/www.europesays.com\/de\/wp-json\/wp\/v2\/media?parent=530772"}],"wp:term":[{"taxonomy":"category","embeddable":true,"href":"https:\/\/www.europesays.com\/de\/wp-json\/wp\/v2\/categories?post=530772"},{"taxonomy":"post_tag","embeddable":true,"href":"https:\/\/www.europesays.com\/de\/wp-json\/wp\/v2\/tags?post=530772"}],"curies":[{"name":"wp","href":"https:\/\/api.w.org\/{rel}","templated":true}]}}