{"id":530774,"date":"2025-10-27T15:32:14","date_gmt":"2025-10-27T15:32:14","guid":{"rendered":"https:\/\/www.europesays.com\/de\/530774\/"},"modified":"2025-10-27T15:32:14","modified_gmt":"2025-10-27T15:32:14","slug":"hurrikan-melissa-erreicht-hoechste-kategorie-5","status":"publish","type":"post","link":"https:\/\/www.europesays.com\/de\/530774\/","title":{"rendered":"Hurrikan &#8222;Melissa&#8220; erreicht h\u00f6chste Kategorie 5"},"content":{"rendered":"<p>            <img loading=\"lazy\" decoding=\"async\" class=\"ts-image\" src=\"https:\/\/www.europesays.com\/de\/wp-content\/uploads\/2025\/10\/hurrikan-melissa-100.jpg\" alt=\" Satellitenbild des Hurrikans Melissa\" title=\" Satellitenbild des Hurrikans Melissa | via REUTERS\"\/><\/p>\n<p class=\"metatextline\">Stand: 27.10.2025 15:24 Uhr<\/p>\n<p class=\"textabsatz columns twelve  m-ten  m-offset-one l-eight l-offset-two\">\n        <strong>Als gef\u00e4hrlicher Hurrikan der h\u00f6chsten Stufe 5 bewegt sich der Wirbelsturm &#8222;Melissa&#8220; auf Jamaika zu. Der Sturm k\u00f6nnte weiter an St\u00e4rke gewinnen und weiter nach Kuba ziehen. Es werden massive Zerst\u00f6rungen bef\u00fcrchtet.<\/strong>\n    <\/p>\n<p class=\"textabsatz m-ten m-offset-one l-eight l-offset-two columns twelve\">Hurrikan &#8222;Melissa&#8220; hat vor der K\u00fcste der Karibikinsel Jamaika weiter an Kraft gewonnen und die h\u00f6chste Hurrikan-Kategorie 5 erreicht. Mit anhaltenden Windgeschwindigkeiten von 260 Kilometern pro Stunde befand sich der Sturm am Morgen (Ortszeit) noch etwa 205 Kilometer von der Hauptstadt Kingston entfernt, wie das US-Hurrikanzentrum NHC in Miami mitteilte.<\/p>\n<p class=\"textabsatz m-ten m-offset-one l-eight l-offset-two columns twelve\">Im Laufe des Tages k\u00f6nne der Sturm weiter an St\u00e4rke gewinnen, hie\u00df es in der Prognose des Hurrikanzentrums weiter, wobei Schwankungen in der Intensit\u00e4t wahrscheinlich seien. Am fr\u00fchen Dienstagmorgen werde &#8222;Melissa&#8220; dann auf Jamaika treffen.<\/p>\n<p>    \u00dcberschwemmungen und Zerst\u00f6rungen bef\u00fcrchtet<\/p>\n<p class=\"textabsatz m-ten m-offset-one l-eight l-offset-two columns twelve\">Dem Hurrikanzentrum zufolge drohen in den betroffenen Gebieten bis zu 100 Liter Niederschlag pro Quadratmeter. Katastrophale Sturzfluten und zahlreiche Erdrutsche seien wahrscheinlich.<\/p>\n<p class=\"textabsatz m-ten m-offset-one l-eight l-offset-two columns twelve\">&#8222;Dieses extreme Niederschlagspotenzial wird aufgrund der langsamen Bewegung ein katastrophales Ereignis f\u00fcr Jamaika ausl\u00f6sen&#8220;, warnte NHC-Vizedirektor Jamie Rhome. &#8222;Bringen sie sich jetzt in Sicherheit. Bereiten sie sich darauf vor, das mehrere Tage durchzustehen&#8220;, appellierte Rhome an die Bev\u00f6lkerung.<\/p>\n<p class=\"textabsatz m-ten m-offset-one l-eight l-offset-two columns twelve\">An der S\u00fcdk\u00fcste des Landes werden Flutwellen von bis zu vier Metern erwartet, in einigen K\u00fcstenabschnitten wurden Zwangsevakuierungen angeordnet. Bereits vor der Ankunft des Sturms seien &#8222;zerst\u00f6rerische Winde, Sturmfluten und katastrophale \u00dcberschwemmungen&#8220; zu erwarten.<\/p>\n<p class=\"textabsatz m-ten m-offset-one l-eight l-offset-two columns twelve\">Jamaikas Regierungschef Andrew Holness rief die Bev\u00f6lkerung ebenfalls dazu auf, m\u00f6glichst zu Hause zu bleiben und den Anweisungen der Beh\u00f6rden zu folgen. Der Flughafen von Kingston wurde geschlossen. Der Zivilschutz richtete fast 900 Notunterk\u00fcnfte ein.<\/p>\n<p>    &#8222;Melissa&#8220; zieht weiter<\/p>\n<p class=\"textabsatz m-ten m-offset-one l-eight l-offset-two columns twelve\">Ebenfalls als &#8222;starker Hurrikan&#8220; werde &#8222;Melissa&#8220; sp\u00e4ter am Dienstag \u00fcber den S\u00fcdosten Kubas ziehen. Am Mittwoch werde der Hurrikan dann die Bahamas erreichen.\u00a0<\/p>\n<p class=\"textabsatz m-ten m-offset-one l-eight l-offset-two columns twelve\">&#8222;Melissa&#8220; zieht auf ihrem Kurs durch die Karibik bereits jetzt eine Spur der Verw\u00fcstung hinter sich: In Haiti kamen nach starkem Regen drei Menschen ums Leben, auch in der Dominikanischen Republik wurde eine Person get\u00f6tet.<\/p>\n<p class=\"textabsatz m-ten m-offset-one l-eight l-offset-two columns twelve\">\u00a0&#8222;Melissa&#8220; ist bereits der 13. benannte Sturm der vom fr\u00fchen Juni bis zum sp\u00e4ten November anhaltenden Hurrikansaison im Atlantik.\u00a0<\/p>\n","protected":false},"excerpt":{"rendered":"Stand: 27.10.2025 15:24 Uhr Als gef\u00e4hrlicher Hurrikan der h\u00f6chsten Stufe 5 bewegt sich der Wirbelsturm &#8222;Melissa&#8220; auf Jamaika&hellip;\n","protected":false},"author":2,"featured_media":530775,"comment_status":"","ping_status":"","sticky":false,"template":"","format":"standard","meta":{"footnotes":""},"categories":[3],"tags":[13,76987,63265,14,15,12,10,8,9,11,103,104],"class_list":{"0":"post-530774","1":"post","2":"type-post","3":"status-publish","4":"format-standard","5":"has-post-thumbnail","7":"category-welt","8":"tag-headlines","9":"tag-hurrikan","10":"tag-melissa","11":"tag-nachrichten","12":"tag-news","13":"tag-schlagzeilen","14":"tag-top-news","15":"tag-top-meldungen","16":"tag-topmeldungen","17":"tag-topnews","18":"tag-welt","19":"tag-world"},"share_on_mastodon":{"url":"https:\/\/pubeurope.com\/@de\/115446858104869697","error":""},"_links":{"self":[{"href":"https:\/\/www.europesays.com\/de\/wp-json\/wp\/v2\/posts\/530774","targetHints":{"allow":["GET"]}}],"collection":[{"href":"https:\/\/www.europesays.com\/de\/wp-json\/wp\/v2\/posts"}],"about":[{"href":"https:\/\/www.europesays.com\/de\/wp-json\/wp\/v2\/types\/post"}],"author":[{"embeddable":true,"href":"https:\/\/www.europesays.com\/de\/wp-json\/wp\/v2\/users\/2"}],"replies":[{"embeddable":true,"href":"https:\/\/www.europesays.com\/de\/wp-json\/wp\/v2\/comments?post=530774"}],"version-history":[{"count":0,"href":"https:\/\/www.europesays.com\/de\/wp-json\/wp\/v2\/posts\/530774\/revisions"}],"wp:featuredmedia":[{"embeddable":true,"href":"https:\/\/www.europesays.com\/de\/wp-json\/wp\/v2\/media\/530775"}],"wp:attachment":[{"href":"https:\/\/www.europesays.com\/de\/wp-json\/wp\/v2\/media?parent=530774"}],"wp:term":[{"taxonomy":"category","embeddable":true,"href":"https:\/\/www.europesays.com\/de\/wp-json\/wp\/v2\/categories?post=530774"},{"taxonomy":"post_tag","embeddable":true,"href":"https:\/\/www.europesays.com\/de\/wp-json\/wp\/v2\/tags?post=530774"}],"curies":[{"name":"wp","href":"https:\/\/api.w.org\/{rel}","templated":true}]}}