{"id":530778,"date":"2025-10-27T15:34:13","date_gmt":"2025-10-27T15:34:13","guid":{"rendered":"https:\/\/www.europesays.com\/de\/530778\/"},"modified":"2025-10-27T15:34:13","modified_gmt":"2025-10-27T15:34:13","slug":"gazastreifen-zdf-beendet-kooperation-mit-medienfirma-wegen-hamas-mitgliedschaft","status":"publish","type":"post","link":"https:\/\/www.europesays.com\/de\/530778\/","title":{"rendered":"Gazastreifen: ZDF beendet Kooperation mit Medienfirma wegen Hamas-Mitgliedschaft"},"content":{"rendered":"<p class=\"paragraph article__item\">Das ZDF hat die Zusammenarbeit mit einer Produktionsfirma im Gazastreifen &#8222;bis auf Weiteres eingestellt&#8220;. Als Grund <a href=\"https:\/\/presseportal.zdf.de\/pressemitteilung\/identitaet-des-getoeteten-mitarbeiters-der-produktionsfirma-pmp-in-gaza-geklaert\" class=\"\" target=\"_blank\" rel=\"noopener\">gab der Sender an<\/a>, dass ein Mitarbeiter der Firma Palestine Media Production (PMP), der Mitte Oktober bei einem israelischen Angriff get\u00f6tet worden war, offenbar Mitglied <a class=\"rtr-entity\" href=\"https:\/\/www.zeit.de\/thema\/hamas\" target=\"_blank\" rel=\"noopener\">der Hamas<\/a> war.\n<\/p>\n<p class=\"paragraph article__item\">Der Standort der Produktionsfirma war am 19. Oktober von einer Rakete getroffen worden. Der Zwischenfall sorgte f\u00fcr Emp\u00f6rung, <a href=\"https:\/\/www.zeit.de\/politik\/2025-10\/gazastreifen-waffenruhe-hamas-israel-nachrichtenpodcast\" class=\"\" target=\"_blank\" rel=\"noopener\">da der Angriff nach Beginn der Waffenruhe im Gazastreifen stattfand<\/a> und dabei sowohl ein Medienschaffender als auch ein Kind get\u00f6tet wurde. &#8222;Bei dem Beschuss kamen ein 37-j\u00e4hriger Ingenieur der Firma und der Sohn eines anderen Mitarbeiters ums Leben. Ein weiterer PMP-Mitarbeiter wurde bei dem Angriff verletzt&#8220;, schrieb das <a class=\"rtr-entity\" href=\"https:\/\/www.zeit.de\/thema\/zdf\" target=\"_blank\" rel=\"noopener\">ZDF<\/a> damals.\n<\/p>\n<p>                        Armee belegt Hamas-Mitgliedschaft mit Dokument        <\/p>\n<p class=\"paragraph article__item\">Der Sender kritisierte das Vorgehen der israelischen Armee. Mit der Produktionsfirma arbeite man seit Jahrzehnten zusammen. &#8222;Wir sind in Gedanken bei den Opfern und ihren Familien, denen wir unser tiefes Mitgef\u00fchl aussprechen&#8220;, teilte die ZDF-Chefredakteurin Bettina Schausten am 19. Oktober mit. Es sei nicht hinnehmbar, dass Medienschaffende bei der Aus\u00fcbung ihrer Arbeit angegriffen w\u00fcrden.\n<\/p>\n<p class=\"paragraph article__item\">Nun ist das israelische Milit\u00e4r offenbar der Forderung des ZDF nachgekommen, den Vorfall zu \u00fcberpr\u00fcfen. &#8222;Der 37-J\u00e4hrige, der als Ingenieur f\u00fcr die Abwicklung der \u00dcbertragungstechnik zust\u00e4ndig war, war demnach Mitglied der Terrororganisation Hamas&#8220;, schreibt der Sender in einer erneuten Pressemitteilung. Als Beleg sei ein &#8222;entsprechendes Dokument&#8220; vorgelegt worden. Weitere Informationen ver\u00f6ffentlichte das ZDF zun\u00e4chst nicht. Die Bild-Zeitung berichtete unterdessen unter Berufung auf die israelischen Streitkr\u00e4fte, bei dem Get\u00f6teten handele es sich um einen Zugf\u00fchrer der Kassam-Brigaden \u2013 des milit\u00e4rischen Arms der Hamas.\n<\/p>\n<p>            Journalismus im Gazastreifen        <\/p>\n<p>Mehr zum Thema<\/p>\n<p>                <a href=\"https:\/\/www.zeit.de\/politik\/2025-07\/journalisten-gaza-hungersnot-berichterstattung-israel\" data-ct-label=\"Journalisten in Gaza: Mit ihnen stirbt die letzte Gegenstimme\" target=\"_blank\" rel=\"noopener\"><\/p>\n<p>        Z+ (abopflichtiger Inhalt);<\/p>\n<p>    Journalisten in Gaza:<br \/>\n                        Mit ihnen stirbt die letzte Gegenstimme<\/p>\n<p>                <\/a><\/p>\n<p>                <a href=\"https:\/\/www.zeit.de\/politik\/ausland\/2025-03\/fadi-al-wahidi-gazastreifen-al-jazeera-journalismus\" data-ct-label=\"Journalisten im Gazastreifen: Ein letzter Schuss \u2013 dann stoppt die Aufnahme\" target=\"_blank\" rel=\"noopener\"><\/p>\n<p>                        Journalisten im Gazastreifen:<br \/>\n                        Ein letzter Schuss \u2013 dann stoppt die Aufnahme<\/p>\n<p>                <\/a><\/p>\n<p>                <a href=\"https:\/\/www.zeit.de\/politik\/2024-10\/journalismus-nahostkonflikt-herausforderung-interesse-emotionen\" data-ct-label=\"Journalismus im Nahostkonflikt: Blackbox Gaza\" target=\"_blank\" rel=\"noopener\"><\/p>\n<p>        Z+ (abopflichtiger Inhalt);<\/p>\n<p>    Journalismus im Nahostkonflikt:<br \/>\n                        Blackbox Gaza<\/p>\n<p>                <\/a><\/p>\n","protected":false},"excerpt":{"rendered":"Das ZDF hat die Zusammenarbeit mit einer Produktionsfirma im Gazastreifen &#8222;bis auf Weiteres eingestellt&#8220;. Als Grund gab der&hellip;\n","protected":false},"author":2,"featured_media":530779,"comment_status":"","ping_status":"","sticky":false,"template":"","format":"standard","meta":{"footnotes":""},"categories":[5],"tags":[738,410,13,411,5508,14,15,16,12,10,8,9,11,1448],"class_list":{"0":"post-530778","1":"post","2":"type-post","3":"status-publish","4":"format-standard","5":"has-post-thumbnail","7":"category-nachrichten","8":"tag-gazastreifen","9":"tag-hamas","10":"tag-headlines","11":"tag-israel","12":"tag-journalismus","13":"tag-nachrichten","14":"tag-news","15":"tag-politik","16":"tag-schlagzeilen","17":"tag-top-news","18":"tag-top-meldungen","19":"tag-topmeldungen","20":"tag-topnews","21":"tag-zdf"},"share_on_mastodon":{"url":"https:\/\/pubeurope.com\/@de\/115446865270816940","error":""},"_links":{"self":[{"href":"https:\/\/www.europesays.com\/de\/wp-json\/wp\/v2\/posts\/530778","targetHints":{"allow":["GET"]}}],"collection":[{"href":"https:\/\/www.europesays.com\/de\/wp-json\/wp\/v2\/posts"}],"about":[{"href":"https:\/\/www.europesays.com\/de\/wp-json\/wp\/v2\/types\/post"}],"author":[{"embeddable":true,"href":"https:\/\/www.europesays.com\/de\/wp-json\/wp\/v2\/users\/2"}],"replies":[{"embeddable":true,"href":"https:\/\/www.europesays.com\/de\/wp-json\/wp\/v2\/comments?post=530778"}],"version-history":[{"count":0,"href":"https:\/\/www.europesays.com\/de\/wp-json\/wp\/v2\/posts\/530778\/revisions"}],"wp:featuredmedia":[{"embeddable":true,"href":"https:\/\/www.europesays.com\/de\/wp-json\/wp\/v2\/media\/530779"}],"wp:attachment":[{"href":"https:\/\/www.europesays.com\/de\/wp-json\/wp\/v2\/media?parent=530778"}],"wp:term":[{"taxonomy":"category","embeddable":true,"href":"https:\/\/www.europesays.com\/de\/wp-json\/wp\/v2\/categories?post=530778"},{"taxonomy":"post_tag","embeddable":true,"href":"https:\/\/www.europesays.com\/de\/wp-json\/wp\/v2\/tags?post=530778"}],"curies":[{"name":"wp","href":"https:\/\/api.w.org\/{rel}","templated":true}]}}