{"id":530786,"date":"2025-10-27T15:38:17","date_gmt":"2025-10-27T15:38:17","guid":{"rendered":"https:\/\/www.europesays.com\/de\/530786\/"},"modified":"2025-10-27T15:38:17","modified_gmt":"2025-10-27T15:38:17","slug":"chemnitzer-schueler-lassen-ihre-wuensche-an-baeumen-wachsen","status":"publish","type":"post","link":"https:\/\/www.europesays.com\/de\/530786\/","title":{"rendered":"Chemnitzer Sch\u00fcler lassen ihre W\u00fcnsche an B\u00e4umen wachsen"},"content":{"rendered":"<p class=\"bold\">\n\t\t\t\t\t\t\t\t\t\tDer Unterricht zur Berufsberatung endet mit einer Baumpflanzaktion vor dem Evangelischen Schulzentrum.\t\t\t\t<\/p>\n<p>\t\t\t\t\t\t\t\t\t\t\t\t\t\t\t\t\t\t\tChemnitz.<\/p>\n<p>Es herrscht gr\u00f6\u00dftenteils Optimismus unter den Sch\u00fclern des Evangelischen Schulzentrums in <a href=\"https:\/\/www.freiepresse.de\/chemnitz\/ort-chemnitz\" title=\"Nachrichten aus Chemnitz\" class=\"internal-article-link\" data-ct=\"ENTITY\/LOCATION\/KNOWN\/CHEMNITZ\" rel=\"nofollow noopener\" target=\"_blank\">Chemnitz<\/a>. Viele der Jungen und M\u00e4dchen sagen, dass ihre Generation viele Privilegien habe, die man nur nutzen m\u00fcsse. Trotzdem schwingen Zukunfts\u00e4ngste wegen politischer Ver\u00e4nderungen und Einfl\u00fcsse der K\u00fcnstlichen Intelligenz mit.<\/p>\n<p>\u00dcber diese Zukunftsthemen haben die Sch\u00fcler in einer Unterrichtsstunde mit Beratern der Agentur f\u00fcr Arbeit gesprochen. Die Ergebnisse des Orientierungsunterrichts wurden am Freitag im Rahmen der Baumpflanzaktion vorgestellt. Daf\u00fcr hatten die Sch\u00fcler Zettel mit ihren Ideen zur Arbeitswelt von morgen an Str\u00e4ucher und Birnenb\u00e4ume geh\u00e4ngt. (cma)<\/p>\n<p>                    \t\t\t\t\t\t\t<img decoding=\"async\" class=\"media-image detail-img__media-image detail-img__image--rounded\" loading=\"lazy\" src=\"https:\/\/www.europesays.com\/de\/wp-content\/uploads\/2025\/10\/17481356_M400x267.jpg\" alt=\"Sch\u00fcler des Evangelischen Schulzentrums neben einem der B\u00e4ume mit Zukunftsw\u00fcnschen.\"   style=\"&#10;&#9;&#9;&#9;aspect-ratio:2040\/1360;&#10;&#9;&#9;&#9;background: url(data:image\/jpg;base64,\/9j\/4AAQSkZJRgABAQEBXgFeAAD\/2wBDAAUDBAQEAwUEBAQFBQUGBwwIBwcHBw8LCwkMEQ8SEhEPERETFhwXExQaFRERGCEYGh0dHx8fExciJCIeJBweHx7\/2wBDAQUFBQcGBw4ICA4eFBEUHh4eHh4eHh4eHh4eHh4eHh4eHh4eHh4eHh4eHh4eHh4eHh4eHh4eHh4eHh4eHh4eHh7\/wAARCAAHAAoDASIAAhEBAxEB\/8QAFgABAQEAAAAAAAAAAAAAAAAAAAQF\/8QAIxAAAQEHBAMAAAAAAAAAAAAAAQIAAwUREiExBAYHExRRkv\/EABUBAQEAAAAAAAAAAAAAAAAAAAME\/8QAHREAAQIHAAAAAAAAAAAAAAAAAQACAxESMVGh0f\/aAAwDAQACEQMRAD8AkifKW6+oONBDNPS7JCXpelNYpkLTzk+gZG+GzByhvRQqXDYclRuR5jyx+WMaIRzOw31HW7K\/\/9k=) no-repeat left top; background-size: cover;&#9;&#9;&#9;width: 100%;&#9;&#9;\"\/><\/p>\n<p>\n            Sch\u00fcler des Evangelischen Schulzentrums neben einem der B\u00e4ume mit Zukunftsw\u00fcnschen.<\/p>\n<p>                Bild:  Arbeitsagentur Chemnitz\n        <\/p>\n<p>            \t\t\t\t\t\t\t<img decoding=\"async\" class=\"media-image lightbox__image\" loading=\"lazy\" src=\"https:\/\/www.europesays.com\/de\/wp-content\/uploads\/2025\/10\/17481356_M400x267.jpg\" alt=\"Sch\u00fcler des Evangelischen Schulzentrums neben einem der B\u00e4ume mit Zukunftsw\u00fcnschen.\"   style=\"&#10;&#9;&#9;&#9;aspect-ratio:2040\/1360;&#10;&#9;&#9;&#9;background: url(data:image\/jpg;base64,\/9j\/4AAQSkZJRgABAQEBXgFeAAD\/2wBDAAUDBAQEAwUEBAQFBQUGBwwIBwcHBw8LCwkMEQ8SEhEPERETFhwXExQaFRERGCEYGh0dHx8fExciJCIeJBweHx7\/2wBDAQUFBQcGBw4ICA4eFBEUHh4eHh4eHh4eHh4eHh4eHh4eHh4eHh4eHh4eHh4eHh4eHh4eHh4eHh4eHh4eHh4eHh7\/wAARCAAHAAoDASIAAhEBAxEB\/8QAFgABAQEAAAAAAAAAAAAAAAAAAAQF\/8QAIxAAAQEHBAMAAAAAAAAAAAAAAQIAAwUREiExBAYHExRRkv\/EABUBAQEAAAAAAAAAAAAAAAAAAAME\/8QAHREAAQIHAAAAAAAAAAAAAAAAAQACAxESMVGh0f\/aAAwDAQACEQMRAD8AkifKW6+oONBDNPS7JCXpelNYpkLTzk+gZG+GzByhvRQqXDYclRuR5jyx+WMaIRzOw31HW7K\/\/9k=) no-repeat left top; background-size: cover;&#9;&#9;&#9;width: 100%;&#9;&#9;\"\/><\/p>\n<p>\n            Sch\u00fcler des Evangelischen Schulzentrums neben einem der B\u00e4ume mit Zukunftsw\u00fcnschen. Bild: Arbeitsagentur Chemnitz\n        <\/p>\n","protected":false},"excerpt":{"rendered":"Der Unterricht zur Berufsberatung endet mit einer Baumpflanzaktion vor dem Evangelischen Schulzentrum. Chemnitz. Es herrscht gr\u00f6\u00dftenteils Optimismus unter&hellip;\n","protected":false},"author":2,"featured_media":530787,"comment_status":"","ping_status":"","sticky":false,"template":"","format":"standard","meta":{"footnotes":""},"categories":[1851],"tags":[4568,2770,3364,29,548,663,3934,30,13,14,15,859,12],"class_list":{"0":"post-530786","1":"post","2":"type-post","3":"status-publish","4":"format-standard","5":"has-post-thumbnail","7":"category-chemnitz","8":"tag-schulen","9":"tag-chemnitz","10":"tag-de","11":"tag-deutschland","12":"tag-eu","13":"tag-europa","14":"tag-europe","15":"tag-germany","16":"tag-headlines","17":"tag-nachrichten","18":"tag-news","19":"tag-sachsen","20":"tag-schlagzeilen"},"share_on_mastodon":{"url":"https:\/\/pubeurope.com\/@de\/115446882110939223","error":""},"_links":{"self":[{"href":"https:\/\/www.europesays.com\/de\/wp-json\/wp\/v2\/posts\/530786","targetHints":{"allow":["GET"]}}],"collection":[{"href":"https:\/\/www.europesays.com\/de\/wp-json\/wp\/v2\/posts"}],"about":[{"href":"https:\/\/www.europesays.com\/de\/wp-json\/wp\/v2\/types\/post"}],"author":[{"embeddable":true,"href":"https:\/\/www.europesays.com\/de\/wp-json\/wp\/v2\/users\/2"}],"replies":[{"embeddable":true,"href":"https:\/\/www.europesays.com\/de\/wp-json\/wp\/v2\/comments?post=530786"}],"version-history":[{"count":0,"href":"https:\/\/www.europesays.com\/de\/wp-json\/wp\/v2\/posts\/530786\/revisions"}],"wp:featuredmedia":[{"embeddable":true,"href":"https:\/\/www.europesays.com\/de\/wp-json\/wp\/v2\/media\/530787"}],"wp:attachment":[{"href":"https:\/\/www.europesays.com\/de\/wp-json\/wp\/v2\/media?parent=530786"}],"wp:term":[{"taxonomy":"category","embeddable":true,"href":"https:\/\/www.europesays.com\/de\/wp-json\/wp\/v2\/categories?post=530786"},{"taxonomy":"post_tag","embeddable":true,"href":"https:\/\/www.europesays.com\/de\/wp-json\/wp\/v2\/tags?post=530786"}],"curies":[{"name":"wp","href":"https:\/\/api.w.org\/{rel}","templated":true}]}}