{"id":530805,"date":"2025-10-27T15:49:22","date_gmt":"2025-10-27T15:49:22","guid":{"rendered":"https:\/\/www.europesays.com\/de\/530805\/"},"modified":"2025-10-27T15:49:22","modified_gmt":"2025-10-27T15:49:22","slug":"unbekannte-brechen-in-wohnung-in-spenge-ein","status":"publish","type":"post","link":"https:\/\/www.europesays.com\/de\/530805\/","title":{"rendered":"Unbekannte brechen in Wohnung in Spenge ein"},"content":{"rendered":"<p>In Spenge haben Einbrecher viel Beute gemacht. Die T\u00e4ter brachen zwischen Samstagmorgen und Sonntagabend ein Schlafzimmerfenster in einer Wohnung an der B\u00fcnder Stra\u00dfe auf.<\/p>\n<p class=\"h2\">Durchsuchung und Diebstahl<\/p>\n<p>Sie durchsuchten die Wohnung und konnten mit Goldm\u00fcnzen, Schmuck und Bargeld in f\u00fcnfstelliger H\u00f6he fl\u00fcchten.<\/p>\n<p class=\"h2\">Zeugen gesucht<\/p>\n<p>Die Ermittler hoffen auf Zeugenhinweise.<\/p>\n","protected":false},"excerpt":{"rendered":"In Spenge haben Einbrecher viel Beute gemacht. Die T\u00e4ter brachen zwischen Samstagmorgen und Sonntagabend ein Schlafzimmerfenster in einer&hellip;\n","protected":false},"author":2,"featured_media":530806,"comment_status":"","ping_status":"","sticky":false,"template":"","format":"standard","meta":{"footnotes":""},"categories":[1841],"tags":[21137,1605,3364,29,2819,30,1584,1209,121],"class_list":{"0":"post-530805","1":"post","2":"type-post","3":"status-publish","4":"format-standard","5":"has-post-thumbnail","7":"category-bielefeld","8":"tag-zeugenhinweise","9":"tag-bielefeld","10":"tag-de","11":"tag-deutschland","12":"tag-einbruch","13":"tag-germany","14":"tag-kriminalitaet","15":"tag-nordrhein-westfalen","16":"tag-polizei"},"share_on_mastodon":{"url":"https:\/\/pubeurope.com\/@de\/115446924298152349","error":""},"_links":{"self":[{"href":"https:\/\/www.europesays.com\/de\/wp-json\/wp\/v2\/posts\/530805","targetHints":{"allow":["GET"]}}],"collection":[{"href":"https:\/\/www.europesays.com\/de\/wp-json\/wp\/v2\/posts"}],"about":[{"href":"https:\/\/www.europesays.com\/de\/wp-json\/wp\/v2\/types\/post"}],"author":[{"embeddable":true,"href":"https:\/\/www.europesays.com\/de\/wp-json\/wp\/v2\/users\/2"}],"replies":[{"embeddable":true,"href":"https:\/\/www.europesays.com\/de\/wp-json\/wp\/v2\/comments?post=530805"}],"version-history":[{"count":0,"href":"https:\/\/www.europesays.com\/de\/wp-json\/wp\/v2\/posts\/530805\/revisions"}],"wp:featuredmedia":[{"embeddable":true,"href":"https:\/\/www.europesays.com\/de\/wp-json\/wp\/v2\/media\/530806"}],"wp:attachment":[{"href":"https:\/\/www.europesays.com\/de\/wp-json\/wp\/v2\/media?parent=530805"}],"wp:term":[{"taxonomy":"category","embeddable":true,"href":"https:\/\/www.europesays.com\/de\/wp-json\/wp\/v2\/categories?post=530805"},{"taxonomy":"post_tag","embeddable":true,"href":"https:\/\/www.europesays.com\/de\/wp-json\/wp\/v2\/tags?post=530805"}],"curies":[{"name":"wp","href":"https:\/\/api.w.org\/{rel}","templated":true}]}}