{"id":530807,"date":"2025-10-27T15:50:17","date_gmt":"2025-10-27T15:50:17","guid":{"rendered":"https:\/\/www.europesays.com\/de\/530807\/"},"modified":"2025-10-27T15:50:17","modified_gmt":"2025-10-27T15:50:17","slug":"wer-hat-raquel-gesehen-nw-de","status":"publish","type":"post","link":"https:\/\/www.europesays.com\/de\/530807\/","title":{"rendered":"Wer hat Raquel gesehen? | nw.de"},"content":{"rendered":"<p>        <a href=\"https:\/\/www.nw.de\/_em_daten\/_cache\/image\/1xSFpYZ09qWGtTNjZaQW44UWc2KzZqb1Fvb0NBeDNlb1dzQzNUOExEaFpUTFhsMUJNTE82NGdjUjFsdEpuQlBXUGs3R0RxMnNtSHM3ZWFPWUpxbE9hdGtjeUdaNm5Od3Z6WFZET0RlL09zTDQ9\/251027-1600-vermisste-person-r.jpg\" class=\"nw-article-image\" title=\"Vermisste Person\" data-glightbox=\"type: image; description: Vermisste Person  | \u00a9 Bielefeld \" target=\"_blank\" rel=\"noopener\"><br \/>\n            <img decoding=\"async\" src=\"https:\/\/www.europesays.com\/de\/wp-content\/uploads\/2025\/10\/251027-1600-vermisste-person-r.jpg\" class=\"nw-img-fluid nw-w-full nw-lazy nw-rounded-t-md\" alt=\"Vermisste Person - \u00a9 Bielefeld\" data-format=\"16:9\"\/><br \/>\n        <\/a><\/p>\n<p>                Vermisste Person<br \/>\n                                    | \u00a9 Bielefeld<\/p>\n<p id=\"absatz1\" class=\"em_text\">Bielefeld (ots) &#8211; <br \/>FR\/ Bielefeld \/ Stadtgebiet &#8211; Die Polizei bittet die \u00d6ffentlichkeit um Mithilfe bei der Suche nach einer vermissten 25-j\u00e4hrigen Bielefelderin. Die Gesuchte befindet sich in einer psychischen Ausnahmesituation und ben\u00f6tigt medizinische Hilfe.<\/p>\n<p id=\"absatz2\" class=\"em_text\">Die 25-J\u00e4hrige wurde zuletzt am Samstag, 11.10.2025, in der Bielefelder Innenstadt gesehen. Seitdem hatte sie keinen Kontakt mehr mit Freunden und der Familie.<\/p>\n<p id=\"absatz4\" class=\"em_text\">Die bisherigen Fahndungsma\u00dfnahmen der Polizei haben nicht zum Auffinden der Gesuchten gef\u00fchrt.<\/p>\n<p id=\"absatz5\" class=\"em_text\">Raquel ist 1,70 m gro\u00df, schlank und hat mittellanges und dunkelblondes Haar. Sie k\u00f6nnte einen hellbeigen Strickpullover, eine hellblaue Skinny-Jeans und beige Wanderschuhe tragen.<\/p>\n<p id=\"absatz6\" class=\"em_text\">Zeugen melden sich bitte mit Hinweisen zu ihrem aktuellen Aufenthaltsort beim Kriminalkommissariat 11 unter der 0521\/545-0.<\/p>\n<p id=\"absatz7\" class=\"em_text\">Quelle: <a href=\"https:\/\/www.presseportal.de\/blaulicht\/pm\/12522\/6146180\" rel=\"nofollow noopener\" target=\"_blank\">https:\/\/www.presseportal.de\/blaulicht\/pm\/12522\/6146180<\/a> <\/p>\n","protected":false},"excerpt":{"rendered":"Vermisste Person | \u00a9 Bielefeld Bielefeld (ots) &#8211; FR\/ Bielefeld \/ Stadtgebiet &#8211; Die Polizei bittet die \u00d6ffentlichkeit&hellip;\n","protected":false},"author":2,"featured_media":530808,"comment_status":"","ping_status":"","sticky":false,"template":"","format":"standard","meta":{"footnotes":""},"categories":[1841],"tags":[1605,3364,29,30,177,1209,176,121,20035,2804],"class_list":{"0":"post-530807","1":"post","2":"type-post","3":"status-publish","4":"format-standard","5":"has-post-thumbnail","7":"category-bielefeld","8":"tag-bielefeld","9":"tag-de","10":"tag-deutschland","11":"tag-germany","12":"tag-kriminalitt","13":"tag-nordrhein-westfalen","14":"tag-nrw","15":"tag-polizei","16":"tag-serie_polizeibericht","17":"tag-stadtgebiet"},"share_on_mastodon":{"url":"https:\/\/pubeurope.com\/@de\/115446928665022360","error":""},"_links":{"self":[{"href":"https:\/\/www.europesays.com\/de\/wp-json\/wp\/v2\/posts\/530807","targetHints":{"allow":["GET"]}}],"collection":[{"href":"https:\/\/www.europesays.com\/de\/wp-json\/wp\/v2\/posts"}],"about":[{"href":"https:\/\/www.europesays.com\/de\/wp-json\/wp\/v2\/types\/post"}],"author":[{"embeddable":true,"href":"https:\/\/www.europesays.com\/de\/wp-json\/wp\/v2\/users\/2"}],"replies":[{"embeddable":true,"href":"https:\/\/www.europesays.com\/de\/wp-json\/wp\/v2\/comments?post=530807"}],"version-history":[{"count":0,"href":"https:\/\/www.europesays.com\/de\/wp-json\/wp\/v2\/posts\/530807\/revisions"}],"wp:featuredmedia":[{"embeddable":true,"href":"https:\/\/www.europesays.com\/de\/wp-json\/wp\/v2\/media\/530808"}],"wp:attachment":[{"href":"https:\/\/www.europesays.com\/de\/wp-json\/wp\/v2\/media?parent=530807"}],"wp:term":[{"taxonomy":"category","embeddable":true,"href":"https:\/\/www.europesays.com\/de\/wp-json\/wp\/v2\/categories?post=530807"},{"taxonomy":"post_tag","embeddable":true,"href":"https:\/\/www.europesays.com\/de\/wp-json\/wp\/v2\/tags?post=530807"}],"curies":[{"name":"wp","href":"https:\/\/api.w.org\/{rel}","templated":true}]}}