{"id":53082,"date":"2025-04-22T21:31:12","date_gmt":"2025-04-22T21:31:12","guid":{"rendered":"https:\/\/www.europesays.com\/de\/53082\/"},"modified":"2025-04-22T21:31:12","modified_gmt":"2025-04-22T21:31:12","slug":"hack-steht-nach-verschnaufpause-wieder-bereit","status":"publish","type":"post","link":"https:\/\/www.europesays.com\/de\/53082\/","title":{"rendered":"Hack steht nach Verschnaufpause wieder bereit"},"content":{"rendered":"<p>\n                                        Robin Hack ist wieder bereit, von Beginn an f\u00fcr Borussia M\u00f6nchengladbach aufzulaufen. Der 26-J\u00e4hrige, der gegen Borussia Dortmund eine kleine Verschnaufpause erhielt und nur eingewechselt wurde, nahm laut einem Bericht der Rheinischen Post am Dienstag vollst\u00e4ndig am Teamtraining der Borussia teil.<\/p>\n<p>\n<br \/>Trainer Gerardo Seoane erkl\u00e4rte im Vorwege der Partie vom letzten Wochenende, dass Hack durch die Belastungen der letzten Wochen immer wieder kleinere Probleme hatte und deshalb zuletzt h\u00e4ufig mit dem Training h\u00e4tte pausieren m\u00fcssen. <\/p>\n<p>Die kleine Pause scheint Hack jedenfalls gutgetan zu haben, sodass nun wieder mit seiner Einsatzf\u00e4higkeit von Beginn an zu rechnen ist, wenn die Gladbacher am Samstag auf die KSV Holstein (15:30 Uhr) treffen.<\/p>\n<p><b>Zur Erstmeldung vom 21. April 2025<\/b>:                                <\/p>\n<p>                                                                K\u00f6rperliche Probleme lassen Hacks Startelfserie rei\u00dfen<\/p>\n<p class=\"pt-md\">Zum ersten Mal seit Anfang Dezember stand Robin Hack bei Borussia M\u00f6nchengladbach nicht in der Startelf \u2013 und das aus gutem Grund. Auf die j\u00fcngsten Leistungen war die Ma\u00dfnahme nicht zur\u00fcckzuf\u00fchren, sondern eher auf die (nicht) zu erwartende Leistungsf\u00e4higkeit an diesem Wochenende.<\/p>\n<p>Der Fl\u00fcgelspieler, der zuvor 16 Bundesliga-Partien in Folge von Beginn an gespielt hatte, sa\u00df beim 2:3 gegen Borussia Dortmund \u2013 wie im Hinspiel \u2013 zun\u00e4chst nur auf der Bank und wurde erst in der 69. Minute eingewechselt. <\/p>\n<p>Trainer Gerardo Seoane erkl\u00e4rte vor der Partie gegen\u00fcber DAZN die Hintergr\u00fcnde: \u201eRobin Hack hat in einem Monat gef\u00fchlt 50 Prozent der Trainingseinheiten gefehlt. Er hatte immer wieder Probleme mit den Adduktoren, mit dem hinteren Oberschenkel etc.\u201c Auch in der Woche vor dem BVB-Spiel habe der Linksau\u00dfen an vier Einheiten nicht oder nicht richtig teilgenommen.<\/p>\n<p>Kein akuter Ausfall, aber nicht bereit f\u00fcr Maximalleistung<\/p>\n<p class=\"pt-md\">Zwar war der 26-J\u00e4hrige offiziell einsatzf\u00e4hig, doch f\u00fcr eine volle Belastung reichte es nach Einsch\u00e4tzung des Trainers nicht. \u201eEr ist eigentlich fit, also nicht verletzt. Aber es waren zuletzt zu viele Anzeichen, dass er heute nicht f\u00fcr eine Maximalleistung bereit ist\u201c, so Seoane. Mit Blick auf die fortgeschrittene Phase der Saison und das enge Rennen um Europa wollte das Trainerteam offenbar kein Risiko eingehen. <\/p>\n<p>Ob Hack im kommenden Spiel gegen die KSV Holstein wieder zur Startelf z\u00e4hlt, d\u00fcrfte dementsprechend auch von seiner Trainingswoche abh\u00e4ngen. Sollte er aber fit bleiben und die Einheiten durchziehen k\u00f6nnen, ist definitiv von Beginn an mit ihm zu rechnen.<\/p>\n","protected":false},"excerpt":{"rendered":"Robin Hack ist wieder bereit, von Beginn an f\u00fcr Borussia M\u00f6nchengladbach aufzulaufen. Der 26-J\u00e4hrige, der gegen Borussia Dortmund&hellip;\n","protected":false},"author":2,"featured_media":53083,"comment_status":"","ping_status":"","sticky":false,"template":"","format":"standard","meta":{"footnotes":""},"categories":[1849],"tags":[4808,5419,2217,815,3364,29,548,663,3934,347,30,13,5420,4455,14,15,1209,5422,25227,12,265,924,1288,2627,5421],"class_list":{"0":"post-53082","1":"post","2":"type-post","3":"status-publish","4":"format-standard","5":"has-post-thumbnail","7":"category-moenchengladbach","8":"tag-1-bundesliga","9":"tag-2024-25","10":"tag-bilanz","11":"tag-borussia-moenchengladbach","12":"tag-de","13":"tag-deutschland","14":"tag-eu","15":"tag-europa","16":"tag-europe","17":"tag-fussball","18":"tag-germany","19":"tag-headlines","20":"tag-linke-aussenbahn","21":"tag-moenchengladbach","22":"tag-nachrichten","23":"tag-news","24":"tag-nordrhein-westfalen","25":"tag-quote","26":"tag-robin-hack","27":"tag-schlagzeilen","28":"tag-sport","29":"tag-statistik","30":"tag-transfers","31":"tag-verletzungen","32":"tag-wechsel"},"share_on_mastodon":{"url":"https:\/\/pubeurope.com\/@de\/114383754716402321","error":""},"_links":{"self":[{"href":"https:\/\/www.europesays.com\/de\/wp-json\/wp\/v2\/posts\/53082","targetHints":{"allow":["GET"]}}],"collection":[{"href":"https:\/\/www.europesays.com\/de\/wp-json\/wp\/v2\/posts"}],"about":[{"href":"https:\/\/www.europesays.com\/de\/wp-json\/wp\/v2\/types\/post"}],"author":[{"embeddable":true,"href":"https:\/\/www.europesays.com\/de\/wp-json\/wp\/v2\/users\/2"}],"replies":[{"embeddable":true,"href":"https:\/\/www.europesays.com\/de\/wp-json\/wp\/v2\/comments?post=53082"}],"version-history":[{"count":0,"href":"https:\/\/www.europesays.com\/de\/wp-json\/wp\/v2\/posts\/53082\/revisions"}],"wp:featuredmedia":[{"embeddable":true,"href":"https:\/\/www.europesays.com\/de\/wp-json\/wp\/v2\/media\/53083"}],"wp:attachment":[{"href":"https:\/\/www.europesays.com\/de\/wp-json\/wp\/v2\/media?parent=53082"}],"wp:term":[{"taxonomy":"category","embeddable":true,"href":"https:\/\/www.europesays.com\/de\/wp-json\/wp\/v2\/categories?post=53082"},{"taxonomy":"post_tag","embeddable":true,"href":"https:\/\/www.europesays.com\/de\/wp-json\/wp\/v2\/tags?post=53082"}],"curies":[{"name":"wp","href":"https:\/\/api.w.org\/{rel}","templated":true}]}}