{"id":53084,"date":"2025-04-22T21:32:09","date_gmt":"2025-04-22T21:32:09","guid":{"rendered":"https:\/\/www.europesays.com\/de\/53084\/"},"modified":"2025-04-22T21:32:09","modified_gmt":"2025-04-22T21:32:09","slug":"eine-kindertagesstaette-war-in-gladbeck-das-ziel-von-einbrechern","status":"publish","type":"post","link":"https:\/\/www.europesays.com\/de\/53084\/","title":{"rendered":"Eine Kindertagesst\u00e4tte war in Gladbeck das Ziel von Einbrechern"},"content":{"rendered":"<p><a title=\"Einbrecher\" href=\"https:\/\/neue-gladbecker-zeitung.de\/zahlendreher-sollte-diebin-juenger-machen\/einbrecher\/\" target=\"_blank\" rel=\"noopener\"><img decoding=\"async\" fetchpriority=\"high\" width=\"678\" height=\"381\" src=\"https:\/\/www.europesays.com\/de\/wp-content\/uploads\/2025\/04\/Einbrecher-678x381.jpg\" alt=\"Eine Kindertagesst\u00e4tte war das Ziel von Einbrechern\" title=\"Einbrecher\"\/><\/a><br \/>\nDie unbekannten Die T\u00e4ter hatten ein Fenster eingeschlagen Symbolbild: Pixabay<\/p>\n<p>Am Osterwochenende kamen die Einbrecher<\/p>\n<p><strong>Gladbeck \u2013 22.04.2025 \u2013 Kindertagesst\u00e4tte<\/strong>\u00a0\u2013 Auf der Josefstra\u00dfe in <strong><a style=\"color: #ff0000;\" href=\"https:\/\/www.gladbeck.de\" target=\"_blank\" rel=\"noopener\">Gladbeck-Rentfort<\/a><\/strong> sind unbekannte T\u00e4ter am Oster-Wochenende in eine Kindertagesst\u00e4tte eingebrochen.<\/p>\n<p>Die Tat wurde am Montagnachmittag festgestellt und gemeldet. Die unbekannten T\u00e4ter hatten ein Fenster eingeschlagen und sind ins Geb\u00e4ude (Toilettenraum) eingestiegen. Von dort gingen sie dann in weitere R\u00e4ume und \u00f6ffneten diverse Schr\u00e4nke und Schubladen.<\/p>\n<p>Die NGZ-News aus Gladbeck immer sofort auf das Handy?<br \/>Dann abonniere kostenlos den <a style=\"color: #ff0000;\" href=\"https:\/\/whatsapp.com\/channel\/0029VaAJZdH8F2pIH21PF72X\" target=\"_blank\" rel=\"noopener\">WhatsApp-Kanal<\/a><br \/>\nDie Gladbecker Zusammenfassung des Tages der NGZ?<br \/>Dann abonniere den kostenlosen <a href=\"https:\/\/neue-gladbecker-zeitung.de\/newsletter-2\/\" target=\"_blank\" rel=\"noopener\"><strong>Newsletter<\/strong><\/a><br \/>\nFolgen Sie uns auf Facebook: <strong><a style=\"color: #ff0000;\" href=\"https:\/\/www.facebook.com\/NeueGladbeckerZeitung\/\" target=\"_blank\" rel=\"noopener\">NeueGladbeckerZeitung<\/a><\/strong><\/p>\n<p>Aus der Kindertagesst\u00e4tte haben die Einbrecher nichts gestohlen<\/p>\n<p>Nach ersten Erkenntnissen fl\u00fcchteten die T\u00e4ter durch ein Fenster im Waschraum, das sie von innen ge\u00f6ffnet<br \/>wurde. Gestohlen wurde offenbar nichts.<\/p>\n<p>Wer Verd\u00e4chtiges gesehen hat oder Hinweise zu Tatverd\u00e4chtigen geben kann, wird gebeten, die Polizei unter <strong>Tel. 0800\/2361 111<\/strong> zu informieren.<\/p>\n<p><strong><a style=\"color: #ff0000;\" href=\"https:\/\/recklinghausen.polizei.nrw\/\" target=\"_blank\" rel=\"noopener\">Polizei Recklinghausen<\/a><\/strong><\/p>\n<p><a style=\"color: #ff0000;\" href=\"https:\/\/neue-gladbecker-zeitung.de\" target=\"_blank\" rel=\"noopener\">Zur Startseite<\/a><\/p>\n","protected":false},"excerpt":{"rendered":"Die unbekannten Die T\u00e4ter hatten ein Fenster eingeschlagen Symbolbild: Pixabay Am Osterwochenende kamen die Einbrecher Gladbeck \u2013 22.04.2025&hellip;\n","protected":false},"author":2,"featured_media":30438,"comment_status":"","ping_status":"","sticky":false,"template":"","format":"standard","meta":{"footnotes":""},"categories":[1848],"tags":[3364,29,2819,548,663,3934,3658,30,17275,13,25228,14,15,1209,121,12],"class_list":{"0":"post-53084","1":"post","2":"type-post","3":"status-publish","4":"format-standard","5":"has-post-thumbnail","7":"category-gelsenkirchen","8":"tag-de","9":"tag-deutschland","10":"tag-einbruch","11":"tag-eu","12":"tag-europa","13":"tag-europe","14":"tag-gelsenkirchen","15":"tag-germany","16":"tag-gladbeck","17":"tag-headlines","18":"tag-kindertagesstaette","19":"tag-nachrichten","20":"tag-news","21":"tag-nordrhein-westfalen","22":"tag-polizei","23":"tag-schlagzeilen"},"share_on_mastodon":{"url":"https:\/\/pubeurope.com\/@de\/114383758550122604","error":""},"_links":{"self":[{"href":"https:\/\/www.europesays.com\/de\/wp-json\/wp\/v2\/posts\/53084","targetHints":{"allow":["GET"]}}],"collection":[{"href":"https:\/\/www.europesays.com\/de\/wp-json\/wp\/v2\/posts"}],"about":[{"href":"https:\/\/www.europesays.com\/de\/wp-json\/wp\/v2\/types\/post"}],"author":[{"embeddable":true,"href":"https:\/\/www.europesays.com\/de\/wp-json\/wp\/v2\/users\/2"}],"replies":[{"embeddable":true,"href":"https:\/\/www.europesays.com\/de\/wp-json\/wp\/v2\/comments?post=53084"}],"version-history":[{"count":0,"href":"https:\/\/www.europesays.com\/de\/wp-json\/wp\/v2\/posts\/53084\/revisions"}],"wp:featuredmedia":[{"embeddable":true,"href":"https:\/\/www.europesays.com\/de\/wp-json\/wp\/v2\/media\/30438"}],"wp:attachment":[{"href":"https:\/\/www.europesays.com\/de\/wp-json\/wp\/v2\/media?parent=53084"}],"wp:term":[{"taxonomy":"category","embeddable":true,"href":"https:\/\/www.europesays.com\/de\/wp-json\/wp\/v2\/categories?post=53084"},{"taxonomy":"post_tag","embeddable":true,"href":"https:\/\/www.europesays.com\/de\/wp-json\/wp\/v2\/tags?post=53084"}],"curies":[{"name":"wp","href":"https:\/\/api.w.org\/{rel}","templated":true}]}}