{"id":530885,"date":"2025-10-27T16:35:15","date_gmt":"2025-10-27T16:35:15","guid":{"rendered":"https:\/\/www.europesays.com\/de\/530885\/"},"modified":"2025-10-27T16:35:15","modified_gmt":"2025-10-27T16:35:15","slug":"muenchen-begeistert-olympia-bewerbung-entfacht-neue-hoffnung-sport","status":"publish","type":"post","link":"https:\/\/www.europesays.com\/de\/530885\/","title":{"rendered":"M\u00fcnchen begeistert: Olympia-Bewerbung entfacht neue Hoffnung | Sport"},"content":{"rendered":"<p>M\u00fcnchen hat JA gesagt zu Olympia! Die B\u00fcrger der bayerischen Landeshauptstadt haben bei einem B\u00fcrgerentscheid mit einer deutlichen Mehrheit von 66,4 Prozent f\u00fcr eine Bewerbung ihrer Stadt f\u00fcr die Olympischen Sommerspiele 2036, 2040 oder 2044 gestimmt.<\/p>\n<p>Das freut besonders Ruder-Held Oliver Zeidler (29). Der geb\u00fcrtige Dachauer holte in Paris 2024 Gold. Unser Ruder-Champ im BILD-Interview. <\/p>\n<p>Sport-Star im 8. Monat : Hardcore-Training mit Babybauch<a class=\"anchor video-teaser__anchor\" href=\"https:\/\/www.bild.de\/sport\/mehr-sport\/sport-star-im-8-monat-hardcore-training-mit-babybauch-68fe2f5059e2e0975070c42b\" target=\"_blank\" rel=\"noopener\"><img decoding=\"async\" width=\"992\" height=\"558\" alt=\"Teaser-Bild\" src=\"https:\/\/www.europesays.com\/de\/wp-content\/uploads\/2025\/10\/809b1bfba10b33725813cf33d283d67f,bd0ab1db\"   class=\"landscape teaser__image\" loading=\"lazy\"\/><\/a><\/p>\n<p>Quelle: BILD\/ Instagram @mujingakambundji26.10.2025<\/p>\n<p><b>BILD: Herr Zeidler, was bedeutet dieser Sieg beim B\u00fcrgerentscheid f\u00fcr die Sportstadt M\u00fcnchen? <\/b><\/p>\n<p>\u201eDer B\u00fcrgerentscheid setzt ein starkes Zeichen, dass M\u00fcnchen und Deutschland bereit f\u00fcr ein olympisches Comeback sind. Das setzt viel Energie und Zuversicht frei, die unsere Gesellschaft auch braucht.\u201c <\/p>\n<p>Mehr zum Thema<\/p>\n<p><b>Sollte es klappen, und M\u00fcnchen als Bewerber f\u00fcr Olympia ins Rennen gehen, was w\u00fcrde das f\u00fcr die Stadt als Ruderstandort bedeuten?<\/b><\/p>\n<p>\u201eF\u00fcr M\u00fcnchen als Ruderstandort w\u00fcrde eine Austragung der Spiele die Renovierung der Regattaanlage in Oberschlei\u00dfheim bedeuten, eines der besten Ruderreviere der Welt, aber leider in einen Dornr\u00f6schenschlaf versetzt, durch fehlende Investitionen in den letzten Jahrzehnten.\u201c <\/p>\n<p><b>Was machen Sie eigentlich dann 2036, 2040 oder 2044? <\/b><\/p>\n<p>\u201eDie Olympischen Spiele in Deutschland werden f\u00fcr mich zu sp\u00e4t kommen. Ich kann mir aber durchaus vorstellen, im Organisationskomitee eine Rolle zu \u00fcbernehmen und somit meine Erfahrung aus \u00fcber 20 Jahren, bis dahin \u00fcber 30 Jahren, Leistungssport einzubringen. Aktuell arbeite ich im Rahmen meines Studiums in Lausanne f\u00fcnf Wochen f\u00fcr das IOC und kann auch hier wichtige Kontakte kn\u00fcpfen und Erfahrungen sammeln, die sicherlich hilfreich sein werden, sollte M\u00fcnchen den Zuschlag bekommen.\u201c<\/p>\n","protected":false},"excerpt":{"rendered":"M\u00fcnchen hat JA gesagt zu Olympia! Die B\u00fcrger der bayerischen Landeshauptstadt haben bei einem B\u00fcrgerentscheid mit einer deutlichen&hellip;\n","protected":false},"author":2,"featured_media":530886,"comment_status":"","ping_status":"","sticky":false,"template":"","format":"standard","meta":{"footnotes":""},"categories":[1827],"tags":[772,296,29,30,692,1268,656,42180,18824,45,130476],"class_list":{"0":"post-530885","1":"post","2":"type-post","3":"status-publish","4":"format-standard","5":"has-post-thumbnail","7":"category-muenchen","8":"tag-bayern","9":"tag-berlin","10":"tag-deutschland","11":"tag-germany","12":"tag-hamburg","13":"tag-muenchen","14":"tag-olympia","15":"tag-olympische-sommerspiele","16":"tag-rudern","17":"tag-texttospeech","18":"tag-zeidler-oliver"},"share_on_mastodon":{"url":"https:\/\/pubeurope.com\/@de\/115447105697979307","error":""},"_links":{"self":[{"href":"https:\/\/www.europesays.com\/de\/wp-json\/wp\/v2\/posts\/530885","targetHints":{"allow":["GET"]}}],"collection":[{"href":"https:\/\/www.europesays.com\/de\/wp-json\/wp\/v2\/posts"}],"about":[{"href":"https:\/\/www.europesays.com\/de\/wp-json\/wp\/v2\/types\/post"}],"author":[{"embeddable":true,"href":"https:\/\/www.europesays.com\/de\/wp-json\/wp\/v2\/users\/2"}],"replies":[{"embeddable":true,"href":"https:\/\/www.europesays.com\/de\/wp-json\/wp\/v2\/comments?post=530885"}],"version-history":[{"count":0,"href":"https:\/\/www.europesays.com\/de\/wp-json\/wp\/v2\/posts\/530885\/revisions"}],"wp:featuredmedia":[{"embeddable":true,"href":"https:\/\/www.europesays.com\/de\/wp-json\/wp\/v2\/media\/530886"}],"wp:attachment":[{"href":"https:\/\/www.europesays.com\/de\/wp-json\/wp\/v2\/media?parent=530885"}],"wp:term":[{"taxonomy":"category","embeddable":true,"href":"https:\/\/www.europesays.com\/de\/wp-json\/wp\/v2\/categories?post=530885"},{"taxonomy":"post_tag","embeddable":true,"href":"https:\/\/www.europesays.com\/de\/wp-json\/wp\/v2\/tags?post=530885"}],"curies":[{"name":"wp","href":"https:\/\/api.w.org\/{rel}","templated":true}]}}