{"id":530891,"date":"2025-10-27T16:38:15","date_gmt":"2025-10-27T16:38:15","guid":{"rendered":"https:\/\/www.europesays.com\/de\/530891\/"},"modified":"2025-10-27T16:38:15","modified_gmt":"2025-10-27T16:38:15","slug":"berlin-brandenburg-auto-und-mehrere-motorroller-in-berlin-angezuendet","status":"publish","type":"post","link":"https:\/\/www.europesays.com\/de\/530891\/","title":{"rendered":"Berlin &#038; Brandenburg: Auto und mehrere Motorroller in Berlin angez\u00fcndet"},"content":{"rendered":"<p>                    Berlin &amp; Brandenburg<br \/>\n                Auto und mehrere Motorroller in Berlin angez\u00fcndet<\/p>\n<p>\t\t\t\t              27.10.2025, 16:50 Uhr<\/p>\n<p><strong>Einsatzkr\u00e4fte werden zu mehreren Br\u00e4nden gerufen. Im M\u00e4rkischen Viertel brennt es an zwei Orten, auch in Friedenau geht ein Auto in Flammen auf. Wo stehen die Ermittlungen?<\/strong><\/p>\n<p>Berlin (dpa\/bb) &#8211; In Berlin sind in der Nacht zwei Motorroller und ein Auto angez\u00fcndet worden. Die Motorroller gingen kurz nacheinander im M\u00e4rkischen Viertel im Flammen auf, wie die Polizei mitteilte. Bei einem der Feuer wurde ein weiterer Roller besch\u00e4digt. Das Auto brannte in Friedenau und besch\u00e4digte zwei weitere.\u00a0<\/p>\n<p>Die Feuerwehr l\u00f6schte die Flammen, verletzt wurde niemand. Die Polizei geht in allen drei F\u00e4llen von Brandstiftung aus. Ob ein Zusammenhang besteht, ist noch unklar. &#8222;Die Ermittlungen laufen in alle Richtungen&#8220;, sagte ein Sprecher.<\/p>\n","protected":false},"excerpt":{"rendered":"Berlin &amp; Brandenburg Auto und mehrere Motorroller in Berlin angez\u00fcndet 27.10.2025, 16:50 Uhr Einsatzkr\u00e4fte werden zu mehreren Br\u00e4nden&hellip;\n","protected":false},"author":2,"featured_media":530892,"comment_status":"","ping_status":"","sticky":false,"template":"","format":"standard","meta":{"footnotes":""},"categories":[1816],"tags":[1960,1958,1959,1957,513,296,1956,1890,29,30,36948],"class_list":{"0":"post-530891","1":"post","2":"type-post","3":"status-publish","4":"format-standard","5":"has-post-thumbnail","7":"category-brandenburg","8":"tag-aktuelle-nachrichten-aus-berlin-und-brandenburg","9":"tag-aktuelle-nachrichten-aus-brandenburg","10":"tag-aktuelle-news-aus-berlin-und-brandenburg","11":"tag-aktuelle-news-aus-brandenburg","12":"tag-auto","13":"tag-berlin","14":"tag-berlin-und-brandenburg","15":"tag-brandenburg","16":"tag-deutschland","17":"tag-germany","18":"tag-motorroller"},"share_on_mastodon":{"url":"https:\/\/pubeurope.com\/@de\/115447116893470186","error":""},"_links":{"self":[{"href":"https:\/\/www.europesays.com\/de\/wp-json\/wp\/v2\/posts\/530891","targetHints":{"allow":["GET"]}}],"collection":[{"href":"https:\/\/www.europesays.com\/de\/wp-json\/wp\/v2\/posts"}],"about":[{"href":"https:\/\/www.europesays.com\/de\/wp-json\/wp\/v2\/types\/post"}],"author":[{"embeddable":true,"href":"https:\/\/www.europesays.com\/de\/wp-json\/wp\/v2\/users\/2"}],"replies":[{"embeddable":true,"href":"https:\/\/www.europesays.com\/de\/wp-json\/wp\/v2\/comments?post=530891"}],"version-history":[{"count":0,"href":"https:\/\/www.europesays.com\/de\/wp-json\/wp\/v2\/posts\/530891\/revisions"}],"wp:featuredmedia":[{"embeddable":true,"href":"https:\/\/www.europesays.com\/de\/wp-json\/wp\/v2\/media\/530892"}],"wp:attachment":[{"href":"https:\/\/www.europesays.com\/de\/wp-json\/wp\/v2\/media?parent=530891"}],"wp:term":[{"taxonomy":"category","embeddable":true,"href":"https:\/\/www.europesays.com\/de\/wp-json\/wp\/v2\/categories?post=530891"},{"taxonomy":"post_tag","embeddable":true,"href":"https:\/\/www.europesays.com\/de\/wp-json\/wp\/v2\/tags?post=530891"}],"curies":[{"name":"wp","href":"https:\/\/api.w.org\/{rel}","templated":true}]}}