{"id":53094,"date":"2025-04-22T21:38:09","date_gmt":"2025-04-22T21:38:09","guid":{"rendered":"https:\/\/www.europesays.com\/de\/53094\/"},"modified":"2025-04-22T21:38:09","modified_gmt":"2025-04-22T21:38:09","slug":"entwarnung-in-muenster-250-kilo-weltkriegsbombe-entschaerft-regional","status":"publish","type":"post","link":"https:\/\/www.europesays.com\/de\/53094\/","title":{"rendered":"Entwarnung in M\u00fcnster: 250-Kilo-Weltkriegsbombe entsch\u00e4rft | Regional"},"content":{"rendered":"<p>M\u00fcnster \u2013 <b>Schon wieder hat in NRW ein Blindg\u00e4nger aus dem Zweiten Weltkrieg f\u00fcr einen gr\u00f6\u00dferen Einsatz gesorgt. <\/b><\/p>\n<p>Die 250 Kilogramm schwere Bombe aus dem Zweiten Weltkrieg ist am LVM-Preu\u00dfenstadion in M\u00fcnster erfolgreich entsch\u00e4rft worden. <\/p>\n<p>Kurzfristig hatte die sensible Operation des Kampfmittelbeseitigungsdienstes erhebliche Auswirkungen auf den Bahnverkehr in <a href=\"https:\/\/www.bild.de\/regional\/nordrhein-westfalen\/home-npIP0qL0giWP1ZFIOHn2\" class=\"text-link\" target=\"_blank\" rel=\"noopener\">Nordrhein-Westfalen<\/a>. Sicherheitshalber waren die Strecken M\u00fcnster-Dortmund, M\u00fcnster-Wanne-Eickel und M\u00fcnster-Coesfeld gesperrt worden. Am sp\u00e4ten Dienstagnachmittag gab die Stadt M\u00fcnster dann Entwarnung: Alle Strecken wurden wieder freigegeben. <\/p>\n<p>Erst in der <a href=\"https:\/\/www.bild.de\/regional\/koeln\/7800-menschen-betroffen-weltkriegsbombe-in-koelner-innenstadt-gefunden-6800d8d7ba5a92148b2e523d\" class=\"text-link\" target=\"_blank\" rel=\"noopener\">vergangenen Woche wurde in K\u00f6ln-S\u00fclz eine Weltkriegsbombe entdeckt, sie musste sofort entsch\u00e4rft werden.<\/a> Mehrere Tausend Anwohner waren von der Evakuierung betroffen.<\/p>\n<p>Lesen Sie auchBlindg\u00e4nger bei Bauarbeiten entdeckt <\/p>\n<p>Der Blindg\u00e4nger war bei Bauarbeiten entdeckt worden. <\/p>\n","protected":false},"excerpt":{"rendered":"M\u00fcnster \u2013 Schon wieder hat in NRW ein Blindg\u00e4nger aus dem Zweiten Weltkrieg f\u00fcr einen gr\u00f6\u00dferen Einsatz gesorgt.&hellip;\n","protected":false},"author":2,"featured_media":53095,"comment_status":"","ping_status":"","sticky":false,"template":"","format":"standard","meta":{"footnotes":""},"categories":[1843],"tags":[10922,7667,9154,3364,9457,29,217,6308,30,8970,1209,3856,45,25229],"class_list":{"0":"post-53094","1":"post","2":"type-post","3":"status-publish","4":"format-standard","5":"has-post-thumbnail","7":"category-muenster","8":"tag-blindgaenger","9":"tag-bombe","10":"tag-bombenentschaerfung","11":"tag-de","12":"tag-deutsche-bahn-ag","13":"tag-deutschland","14":"tag-dortmund","15":"tag-evakuierung","16":"tag-germany","17":"tag-muenster","18":"tag-nordrhein-westfalen","19":"tag-ruhrgebiet","20":"tag-texttospeech","21":"tag-verkehrsbetriebe"},"share_on_mastodon":{"url":"https:\/\/pubeurope.com\/@de\/114383782079260323","error":""},"_links":{"self":[{"href":"https:\/\/www.europesays.com\/de\/wp-json\/wp\/v2\/posts\/53094","targetHints":{"allow":["GET"]}}],"collection":[{"href":"https:\/\/www.europesays.com\/de\/wp-json\/wp\/v2\/posts"}],"about":[{"href":"https:\/\/www.europesays.com\/de\/wp-json\/wp\/v2\/types\/post"}],"author":[{"embeddable":true,"href":"https:\/\/www.europesays.com\/de\/wp-json\/wp\/v2\/users\/2"}],"replies":[{"embeddable":true,"href":"https:\/\/www.europesays.com\/de\/wp-json\/wp\/v2\/comments?post=53094"}],"version-history":[{"count":0,"href":"https:\/\/www.europesays.com\/de\/wp-json\/wp\/v2\/posts\/53094\/revisions"}],"wp:featuredmedia":[{"embeddable":true,"href":"https:\/\/www.europesays.com\/de\/wp-json\/wp\/v2\/media\/53095"}],"wp:attachment":[{"href":"https:\/\/www.europesays.com\/de\/wp-json\/wp\/v2\/media?parent=53094"}],"wp:term":[{"taxonomy":"category","embeddable":true,"href":"https:\/\/www.europesays.com\/de\/wp-json\/wp\/v2\/categories?post=53094"},{"taxonomy":"post_tag","embeddable":true,"href":"https:\/\/www.europesays.com\/de\/wp-json\/wp\/v2\/tags?post=53094"}],"curies":[{"name":"wp","href":"https:\/\/api.w.org\/{rel}","templated":true}]}}