{"id":53096,"date":"2025-04-22T21:39:10","date_gmt":"2025-04-22T21:39:10","guid":{"rendered":"https:\/\/www.europesays.com\/de\/53096\/"},"modified":"2025-04-22T21:39:10","modified_gmt":"2025-04-22T21:39:10","slug":"asc-09-dortmund-im-duell-gegen-sc-preussen-muenster-ii-um-laengen-besser","status":"publish","type":"post","link":"https:\/\/www.europesays.com\/de\/53096\/","title":{"rendered":"ASC 09 Dortmund im Duell gegen SC Preu\u00dfen M\u00fcnster II um L\u00e4ngen besser"},"content":{"rendered":"<p>                                Spielinfos:<br \/>\nDatum &amp; Uhrzeit: 21.04.2025 15.00 Uhr<br \/>Austragungsort: Dortmund<br \/>Wettbewerb: Oberliga Westfalen<br \/>Spieltag: 32<\/p>\n<p>Spielbericht: ASC 09 Dortmund gegen SC Preu\u00dfen M\u00fcnster II 4:0 (2:0)<\/p>\n<p id=\"absatz2\" class=\"em_text\">Dortmund. Ein von Erfolg gekr\u00f6ntes Heimspiel d\u00fcrfen die 178 Zuschauer im Dortmunder Urlaubsguru Waldstadion am Montag verfolgen. Mit 4:0 setzen sich die Dortmunder deutlich gegen die G\u00e4ste aus M\u00fcnster durch.<\/p>\n<p id=\"absatz4\" class=\"em_text\">Noch keine neun Minuten sind gespielt, da liegt der Ball bereits in den Maschen: Jan-Patrick Friedrich versenkt den ersten Ball und verschafft den Hausherren fr\u00fchzeitig die Oberhand. Die Dortmunder sind aber noch lange nicht fertig: Eine Minute vor der Halbzeitpause f\u00e4llt das zweite Tor durch Florian Rausch. Der Siegeszug der Dortmunder bricht nicht ab. Minute 50: Dortmund trifft ein weiteres Mal. Wieder locht Jan-Patrick Friedrich ein.<\/p>\n<p id=\"absatz5\" class=\"em_text\">In der verbleibenden Spielzeit versuchen beide Teams durch Auswechslung nochmal neue Impulse zu setzen. Anis El Hamassi ersetzt Anes Dziho und Josue Santo f\u00fcr Florian Rausch. Auf der Gastseite springen Ben Kronenberg f\u00fcr Lenny Oliveira und Till Hausotter f\u00fcr Pascal Koopmann ein.<\/p>\n<p id=\"absatz6\" class=\"em_text\">Der Dortmunder Mannschaft gelingt es ganz knapp vor Ende der Partie, den Gegnern noch einen zu verpassen. Rafael Camprobin Corchero kann drei Minuten vor Schlusspfiff effektiv abschlie\u00dfen. Der ASC 09 Dortmund entscheidet die Partie f\u00fcr sich. Platz drei geh\u00f6rt ihnen. Die M\u00fcnsteraner rutschten auf Platz sechs ab.<\/p>\n<p>Die Aufstellungen: ASC 09 Dortmund &#8211; SC Preu\u00dfen M\u00fcnster II<br \/>\nASC 09 Dortmund: Maximilian Podehl (13), Anes Dziho (3), Elias Boadi Opoku (11), Jan Stuhldreier (7), Florian Rausch (23), Lars Warschewski (10), Jannik Urban (8), Len Wilkesmann (30), Keanu Diskau (12), Jan-Patrick Friedrich (5), Joel Nickel (1)<br \/>SC Preu\u00dfen M\u00fcnster II: Pascal Koopmann (20), Marvin Schulz (10), Moritz Krause (2), Lukas Herb (7), Bennet Eickhoff (17), Isaac Eichie (9), Mika Keute (19), Melih Sayin (30), Lenny Oliveira (16), Luis Guido Ackermann (35), Suat Fajic (8)<br \/>Schiedsrichter: Tim Zahnhausen<\/p>\n<p id=\"absatz7\" class=\"em_text\">Assistent: Ali Magrouda<\/p>\n<p id=\"absatz8\" class=\"em_text\">Assistent: Sinan Erk<\/p>\n<p id=\"absatz9\" class=\"em_text\" style=\"font-size: .8em;\">Die Inhalte dieses Berichts wurden automatisch auf der Basis von DFB-Daten zusammengestellt.<\/p>\n","protected":false},"excerpt":{"rendered":"Spielinfos: Datum &amp; Uhrzeit: 21.04.2025 15.00 UhrAustragungsort: DortmundWettbewerb: Oberliga WestfalenSpieltag: 32 Spielbericht: ASC 09 Dortmund gegen SC Preu\u00dfen&hellip;\n","protected":false},"author":2,"featured_media":51904,"comment_status":"","ping_status":"","sticky":false,"template":"","format":"standard","meta":{"footnotes":""},"categories":[1843],"tags":[24794,3364,29,217,24797,5282,30,24798,24796,8405,734,7774,1613,8970,1209,12006,24795,17706,17712,7773,7765,8404],"class_list":{"0":"post-53096","1":"post","2":"type-post","3":"status-publish","4":"format-standard","5":"has-post-thumbnail","7":"category-muenster","8":"tag-asc-09-dortmund","9":"tag-de","10":"tag-deutschland","11":"tag-dortmund","12":"tag-florian-rausch","13":"tag-fuball","14":"tag-germany","15":"tag-jan-patrick-friedrich","16":"tag-lenny-oliveira","17":"tag-mnster","18":"tag-meta_artikelklasse_nachricht","19":"tag-meta_themen_sport","20":"tag-meta_userneeds_informieremich","21":"tag-muenster","22":"tag-nordrhein-westfalen","23":"tag-oberliga","24":"tag-pascal-koopmann","25":"tag-sc-preuen-mnster-ii","26":"tag-serie_ligaid_210198","27":"tag-serie_ligaid_all","28":"tag-spielinfo","29":"tag-westfalen"},"share_on_mastodon":{"url":"https:\/\/pubeurope.com\/@de\/114383786141198383","error":""},"_links":{"self":[{"href":"https:\/\/www.europesays.com\/de\/wp-json\/wp\/v2\/posts\/53096","targetHints":{"allow":["GET"]}}],"collection":[{"href":"https:\/\/www.europesays.com\/de\/wp-json\/wp\/v2\/posts"}],"about":[{"href":"https:\/\/www.europesays.com\/de\/wp-json\/wp\/v2\/types\/post"}],"author":[{"embeddable":true,"href":"https:\/\/www.europesays.com\/de\/wp-json\/wp\/v2\/users\/2"}],"replies":[{"embeddable":true,"href":"https:\/\/www.europesays.com\/de\/wp-json\/wp\/v2\/comments?post=53096"}],"version-history":[{"count":0,"href":"https:\/\/www.europesays.com\/de\/wp-json\/wp\/v2\/posts\/53096\/revisions"}],"wp:featuredmedia":[{"embeddable":true,"href":"https:\/\/www.europesays.com\/de\/wp-json\/wp\/v2\/media\/51904"}],"wp:attachment":[{"href":"https:\/\/www.europesays.com\/de\/wp-json\/wp\/v2\/media?parent=53096"}],"wp:term":[{"taxonomy":"category","embeddable":true,"href":"https:\/\/www.europesays.com\/de\/wp-json\/wp\/v2\/categories?post=53096"},{"taxonomy":"post_tag","embeddable":true,"href":"https:\/\/www.europesays.com\/de\/wp-json\/wp\/v2\/tags?post=53096"}],"curies":[{"name":"wp","href":"https:\/\/api.w.org\/{rel}","templated":true}]}}