{"id":530982,"date":"2025-10-27T17:28:13","date_gmt":"2025-10-27T17:28:13","guid":{"rendered":"https:\/\/www.europesays.com\/de\/530982\/"},"modified":"2025-10-27T17:28:13","modified_gmt":"2025-10-27T17:28:13","slug":"nina-warken-sieht-no-go-areas-fuer-frauen-in-deutschland","status":"publish","type":"post","link":"https:\/\/www.europesays.com\/de\/530982\/","title":{"rendered":"Nina Warken sieht \u201eNo-go-Areas\u201c f\u00fcr Frauen in Deutschland"},"content":{"rendered":"<p class=\"text_ohne_einzug richtext text-em-55 !leading-serif mx-6 desktop:mx-0\">Die Vorsitzende der Frauen-Union und Bundesgesundheitsministerin Nina Warken (CDU) verteidigt die heftig kritisierten Stadtbild-\u00c4u\u00dferungen von Bundeskanzler Friedrich Merz. Im Gespr\u00e4ch mit dem Portal Table Briefings wies sie am Montagabend vor allem auf Berichte von Frauen hin: \u201eEs ist so, dass junge und auch \u00e4ltere Frauen sich im \u00f6ffentlichen Raum oft unsicher f\u00fchlen und bestimmte Pl\u00e4tze und Wege meiden und <a href=\"https:\/\/rp-online.de\/thema\/pfefferspray\/\" rel=\"nofollow noopener\" target=\"_blank\">Pfefferspray<\/a> dabei haben.\u201c Auf die Frage, ob es also \u201eNo-go-Areas f\u00fcr Frauen in Deutschland\u201c gebe, antwortete Warken: \u201eJa, das gibt es. Das wird mir von vielen Frauen berichtet, dass sie Orte meiden, dass sie Zugfahren meiden.\u201c<\/p>\n","protected":false},"excerpt":{"rendered":"Die Vorsitzende der Frauen-Union und Bundesgesundheitsministerin Nina Warken (CDU) verteidigt die heftig kritisierten Stadtbild-\u00c4u\u00dferungen von Bundeskanzler Friedrich Merz.&hellip;\n","protected":false},"author":2,"featured_media":530983,"comment_status":"","ping_status":"","sticky":false,"template":"","format":"standard","meta":{"footnotes":"","_share_on_mastodon":"0"},"categories":[2],"tags":[130498,130499,331,3924,332,3922,62077,573,130497,12844,3364,29,130500,775,30,87555,13,50,20000,14,3923,15,3921,36257,38722,12,86898,856,107990],"class_list":["post-530982","post","type-post","status-publish","format-standard","has-post-thumbnail","category-deutschland","tag-20kanzleramt","tag-9estadtbild","tag-aktuelle-nachrichten","tag-aktuelle-nachrichten-aus-deutschland","tag-aktuelle-news","tag-aktuelle-news-aus-deutschland","tag-aeusserungen","tag-berichte","tag-bundesgesundheitsministerin","tag-bundeskanzler","tag-de","tag-deutschland","tag-erfahrungsberichte","tag-friedrich-merz","tag-germany","tag-gesundheitsministerin","tag-headlines","tag-kanzler","tag-ministerin","tag-nachrichten","tag-nachrichten-aus-deutschland","tag-news","tag-news-aus-deutschland","tag-nina-warken","tag-oeffentlichen","tag-schlagzeilen","tag-stadtbild","tag-union","tag-verteidigt"],"share_on_mastodon":{"url":"","error":"Validation failed: Text character limit of 500 exceeded"},"_links":{"self":[{"href":"https:\/\/www.europesays.com\/de\/wp-json\/wp\/v2\/posts\/530982","targetHints":{"allow":["GET"]}}],"collection":[{"href":"https:\/\/www.europesays.com\/de\/wp-json\/wp\/v2\/posts"}],"about":[{"href":"https:\/\/www.europesays.com\/de\/wp-json\/wp\/v2\/types\/post"}],"author":[{"embeddable":true,"href":"https:\/\/www.europesays.com\/de\/wp-json\/wp\/v2\/users\/2"}],"replies":[{"embeddable":true,"href":"https:\/\/www.europesays.com\/de\/wp-json\/wp\/v2\/comments?post=530982"}],"version-history":[{"count":0,"href":"https:\/\/www.europesays.com\/de\/wp-json\/wp\/v2\/posts\/530982\/revisions"}],"wp:featuredmedia":[{"embeddable":true,"href":"https:\/\/www.europesays.com\/de\/wp-json\/wp\/v2\/media\/530983"}],"wp:attachment":[{"href":"https:\/\/www.europesays.com\/de\/wp-json\/wp\/v2\/media?parent=530982"}],"wp:term":[{"taxonomy":"category","embeddable":true,"href":"https:\/\/www.europesays.com\/de\/wp-json\/wp\/v2\/categories?post=530982"},{"taxonomy":"post_tag","embeddable":true,"href":"https:\/\/www.europesays.com\/de\/wp-json\/wp\/v2\/tags?post=530982"}],"curies":[{"name":"wp","href":"https:\/\/api.w.org\/{rel}","templated":true}]}}