{"id":530998,"date":"2025-10-27T17:37:19","date_gmt":"2025-10-27T17:37:19","guid":{"rendered":"https:\/\/www.europesays.com\/de\/530998\/"},"modified":"2025-10-27T17:37:19","modified_gmt":"2025-10-27T17:37:19","slug":"hannover-spd-enthuellt-plan-gegen-stadtbild-probleme-politik","status":"publish","type":"post","link":"https:\/\/www.europesays.com\/de\/530998\/","title":{"rendered":"Hannover: SPD enth\u00fcllt Plan gegen Stadtbild-Probleme | Politik"},"content":{"rendered":"<p>Hannover \u2013 <b>In der Stadtbild-Debatte, die Bundeskanzler Friedrich Merz (69, CDU) ausgel\u00f6st hatte, gibt es inzwischen erste Vorschl\u00e4ge f\u00fcr Verbesserungen. In Hannover hat die SPD am Montag ein 7-Punkte-Papier f\u00fcr mehr Sicherheit und Ordnung in der City und den Stadtteilen vorgestellt. <\/b><\/p>\n<p>Auch interessant<\/p>\n<p>Anzeige<\/p>\n<p>Auch interessant<\/p>\n<p>Anzeige<\/p>\n<p>\u201eWir haben ein wachsendes Unbehagen im \u00f6ffentlichen Raum\u201c, sagt SPD-OB-Kandidat und Ordnungsdezernent Axel von der Ohe (48). \u201eEs gibt Frauen, die sich abends nicht mehr trauen, durch die Innenstadt zu schlendern.\u201c <\/p>\n<p>Kanzler Merz hatte Probleme im Stadtbild in direkten Zusammenhang mit illegaler <a href=\"https:\/\/www.bild.de\/themen\/specials\/migration-aktuelle-news-und-infos-psdS6LZkVQvwfyopqrQ3\" class=\"text-link\" target=\"_blank\" rel=\"noopener\">Migration <\/a>und Abschiebungen gebracht. Diese Fokussierung auf das Thema Zuwanderung will die SPD vermeiden. Trotzdem sagt von der Ohe: \u201eWir sehen, dass Integration nicht \u00fcberall gegl\u00fcckt ist.\u201c Die Integrationsstrategie der Stadt m\u00fcsse deshalb \u00fcberpr\u00fcft und gegebenenfalls verbessert werden \u2013 nicht nur mit Blick auf die Innenstadt, sondern auch auf Stadtteile wie Sahlkamp, Roderbruch, M\u00fchlenberg, Hainholz und Kronsberg.<\/p>\n<p><img decoding=\"async\" width=\"992\" height=\"558\" alt=\"Hannovers Ordnungsdezernent und Stadtk\u00e4mmerer Axel von der Ohe (48) tritt im September 2026 f\u00fcr die SPD als OB-Kandidat an\" src=\"https:\/\/www.europesays.com\/de\/wp-content\/uploads\/2025\/10\/9eee6c9e7491351d67c959fab523cc41,4d7d1a8e\"   class=\"landscape\" loading=\"lazy\"\/><\/p>\n<p class=\"fig__caption__text\">Hannovers Ordnungsdezernent und Stadtk\u00e4mmerer Axel von der Ohe (48) tritt im September 2026 f\u00fcr die SPD als OB-Kandidat an<\/p>\n<p>Foto: Julian Stratenschulte\/dpa<\/p>\n<p><b>Auch diese Punkte nimmt die <\/b><a href=\"https:\/\/www.bild.de\/politik\/inland\/spd\/spd-alle-infos-76661710.bild.html\" class=\"text-link\" target=\"_blank\" rel=\"noopener\"><b>SPD<\/b><\/a><b> in den Blick:<\/b><\/p>\n<p>\u25ba <b>Sicherheit:<\/b> Die gemeinsamen Streifen von <a href=\"https:\/\/www.bild.de\/regional\/aktuelles\/polizei\/polizeieinsatz-alle-infos-76681760.bild.html\" class=\"text-link\" target=\"_blank\" rel=\"noopener\">Polizei<\/a> und Ordnungsdienst sollen fortgesetzt, Video\u00fcberwachung an Brennpunkten ausgebaut und Kontrollen in Waffenverbotszonen konsequent umgesetzt werden. Mit dem Projekt \u201e50 helle Orte\u201c sollen dunkle Ecken besser beleuchtet werden, damit Angstr\u00e4ume verschwinden. <\/p>\n<p>\u25ba <b>Sauberkeit:<\/b> \u201eStadt-Sauberkeit ist mehr als der kleine Bruder von Sicherheit\u201c, betont von der Ohe. Wer M\u00fcll auf die Stra\u00dfe wirft, soll mit h\u00f6heren Bu\u00dfgeldern bestraft werden. An stark frequentierten Tagen sollen <a href=\"https:\/\/www.bild.de\/themen\/organisationen\/muellabfuhr\/nachrichten-news-fotos-videos-20634072.bild.html\" class=\"text-link\" target=\"_blank\" rel=\"noopener\">M\u00fclleimer in der City<\/a> auch nachmittags geleert werden. Das koste jeweils bis zu 4000 Euro und sei t\u00e4glich nicht zu finanzieren. <\/p>\n<p>Mehr zum Thema<\/p>\n<p>\u25ba <b>Leerstand:<\/b> Das City-Management soll leer stehende Gesch\u00e4fte beleben. Um bezahlbaren Wohnraum zu schaffen, sollen auch Problem-Immobilien angekauft werden. <\/p>\n<p>\u25ba <b>Sozialarbeit:<\/b> Mit Streetworkern, Beratungsstellen, Dusch- und K\u00e4ltebussen und dem Diakonie-Haus in Bahnhofsn\u00e4he soll <a href=\"https:\/\/www.bild.de\/themen\/specials\/obdachlosigkeit-aktuelle-news-und-infos-u1803oHkKW5h0qy4qCFJ\" class=\"text-link\" target=\"_blank\" rel=\"noopener\">Obdachlosen<\/a> und Drogens\u00fcchtigen geholfen werden. Problem-Pl\u00e4tze (u.\u00a0a. Raschplatz, Andreas-Hermes-Platz, Steintor) sollen durch Sportangebote und Events belebt werden.<\/p>\n<p><a href=\"https:\/\/www.bild.de\/regional\/hannover\/hannover-regional\/home-16344348.bild.html\" class=\"text-link\" target=\"_blank\" rel=\"noopener\"><b>Hannovers<\/b><\/a><b> SPD-Chef Adis Ahmetovic (32) verweist auf den Wei\u00dfekreuzplatz. Dort konnte die Aufenthaltsqualit\u00e4t nach der Umgestaltung deutlich erh\u00f6ht werden.<\/b><\/p>\n","protected":false},"excerpt":{"rendered":"Hannover \u2013 In der Stadtbild-Debatte, die Bundeskanzler Friedrich Merz (69, CDU) ausgel\u00f6st hatte, gibt es inzwischen erste Vorschl\u00e4ge&hellip;\n","protected":false},"author":2,"featured_media":530999,"comment_status":"","ping_status":"","sticky":false,"template":"","format":"standard","meta":{"footnotes":""},"categories":[1836],"tags":[8186,3364,29,30,46,14936,3659,32,382,27693,1411,184,45],"class_list":{"0":"post-530998","1":"post","2":"type-post","3":"status-publish","4":"format-standard","5":"has-post-thumbnail","7":"category-hannover","8":"tag-bussgeldkatalog","9":"tag-de","10":"tag-deutschland","11":"tag-germany","12":"tag-hannover","13":"tag-innere-sicherheit","14":"tag-integration","15":"tag-merz-friedrich","16":"tag-migration","17":"tag-muelleimer","18":"tag-niedersachsen","19":"tag-spd","20":"tag-texttospeech"},"share_on_mastodon":{"url":"https:\/\/pubeurope.com\/@de\/115447349464066095","error":""},"_links":{"self":[{"href":"https:\/\/www.europesays.com\/de\/wp-json\/wp\/v2\/posts\/530998","targetHints":{"allow":["GET"]}}],"collection":[{"href":"https:\/\/www.europesays.com\/de\/wp-json\/wp\/v2\/posts"}],"about":[{"href":"https:\/\/www.europesays.com\/de\/wp-json\/wp\/v2\/types\/post"}],"author":[{"embeddable":true,"href":"https:\/\/www.europesays.com\/de\/wp-json\/wp\/v2\/users\/2"}],"replies":[{"embeddable":true,"href":"https:\/\/www.europesays.com\/de\/wp-json\/wp\/v2\/comments?post=530998"}],"version-history":[{"count":0,"href":"https:\/\/www.europesays.com\/de\/wp-json\/wp\/v2\/posts\/530998\/revisions"}],"wp:featuredmedia":[{"embeddable":true,"href":"https:\/\/www.europesays.com\/de\/wp-json\/wp\/v2\/media\/530999"}],"wp:attachment":[{"href":"https:\/\/www.europesays.com\/de\/wp-json\/wp\/v2\/media?parent=530998"}],"wp:term":[{"taxonomy":"category","embeddable":true,"href":"https:\/\/www.europesays.com\/de\/wp-json\/wp\/v2\/categories?post=530998"},{"taxonomy":"post_tag","embeddable":true,"href":"https:\/\/www.europesays.com\/de\/wp-json\/wp\/v2\/tags?post=530998"}],"curies":[{"name":"wp","href":"https:\/\/api.w.org\/{rel}","templated":true}]}}