{"id":531221,"date":"2025-10-27T19:48:21","date_gmt":"2025-10-27T19:48:21","guid":{"rendered":"https:\/\/www.europesays.com\/de\/531221\/"},"modified":"2025-10-27T19:48:21","modified_gmt":"2025-10-27T19:48:21","slug":"muenchen-baum-stuerzt-auf-regionalzug-strecke-ueber-stunden-gesperrt-muenchen","status":"publish","type":"post","link":"https:\/\/www.europesays.com\/de\/531221\/","title":{"rendered":"M\u00fcnchen: Baum st\u00fcrzt auf Regionalzug \u2013 Strecke \u00fcber Stunden gesperrt &#8211; M\u00fcnchen"},"content":{"rendered":"<p data-manual=\"paragraph\" data-schema-org-speakable=\"true\" class=\"css-1eosz7k\">An einer Bahnstrecke in <a href=\"https:\/\/www.sueddeutsche.de\/thema\/M%C3%BCnchen\" target=\"_blank\" rel=\"noopener\">M\u00fcnchen<\/a> ist am Montagvormittag ein Baum umgest\u00fcrzt und auf einen Zug gefallen. Die Reisenden und das Zugpersonal blieben unverletzt.<\/p>\n<p data-manual=\"paragraph\" data-schema-org-speakable=\"true\" class=\"css-1eosz7k\">Wie die Bundespolizei mitteilt, fiel der Baum gegen elf Uhr auf H\u00f6he des Kolumbusplatzes in den Gleisbereich. Er dr\u00fcckte demnach erst eine L\u00e4rmschutzwand ein und schlug dann auf einen in Richtung Hauptbahnhof fahrenden RE 5 der\u00a0Bayerischen Regiobahn (BRB) auf. Kurz darauf kam der Zug mit den etwa 400 Reisenden zum Stehen.<\/p>\n<p data-manual=\"paragraph\" data-schema-org-speakable=\"true\" class=\"css-1eosz7k\">Durch den Unfall zerbarst die Scheibe des Triebfahrzeugs. Die Strecke wurde gesperrt. Der Zug wurde laut einem Sprecher der Bundespolizei evakuiert, die meisten Fahrg\u00e4ste konnten zu Fu\u00df zur n\u00e4chsten U-Bahnstation gehen. Vier Reisende mit Seh- und Geh-Einschr\u00e4nkungen habe die Feuerwehr direkt zum Hauptbahnhof gebracht.<\/p>\n<p><img decoding=\"async\" src=\"https:\/\/www.europesays.com\/de\/wp-content\/uploads\/2025\/10\/397f440a-cd89-497f-85c8-3b4ab89ca941.jpg\"   alt=\"Zuerst dr\u00fcckte der Baum eine L\u00e4rmschutzwand ein.\" loading=\"lazy\" class=\"css-8atqhb\"\/>Zuerst dr\u00fcckte der Baum eine L\u00e4rmschutzwand ein. (Foto: Bundespolizei)<\/p>\n<p data-manual=\"paragraph\" data-schema-org-speakable=\"true\" class=\"css-1eosz7k\">Auch eine Lok auf dem Gegengleis streifte nach Angaben der Feuerwehr die \u00c4ste und wurde leicht besch\u00e4digt. Der Streckenabschnitt war \u00fcber Stunden komplett gesperrt, erst am sp\u00e4ten Nachmittag wurde die Sperrung allm\u00e4hlich wieder aufgehoben.<\/p>\n<p data-manual=\"paragraph\" data-schema-org-speakable=\"true\" class=\"css-1eosz7k\">Eine BRB-Sprecherin sagte der SZ gegen 18 Uhr, dass die Strecke mittlerweile wieder eingleisig befahrbar sei. Einige Aufr\u00e4umarbeiten liefen noch, d\u00fcrften aber bald beendet sein. Dann werde auch das zweite Gleis freigegeben. \u201eDer Zugverkehr rollt wieder an\u201c, sagte die Sprecherin. Mit vereinzelten Versp\u00e4tungen und Ausf\u00e4llen m\u00fcsse infolge der Sperrung allerdings noch gerechnet werden.<\/p>\n<p data-manual=\"paragraph\" data-schema-org-speakable=\"true\" class=\"css-1eosz7k\">Wegen des Unfalls endeten zuvor die Regionalbahnen der Bahn am Ostbahnhof oder in Grafing, wie die BRB am Nachmittag mitgeteilt hatte. Fernz\u00fcge wurden zwischen dem Hauptbahnhof und dem Ostbahnhof umgeleitet, wie ein Sprecher der Bahn sagte.<\/p>\n<p data-manual=\"paragraph\" data-schema-org-speakable=\"true\" class=\"css-1eosz7k\">Warum der Baum auf die Bahnstrecke st\u00fcrzte, ist noch offen. Der Deutsche Wetterdienst hatte f\u00fcr Montag aber vor Sturmb\u00f6en in der Region um M\u00fcnchen gewarnt.<\/p>\n","protected":false},"excerpt":{"rendered":"An einer Bahnstrecke in M\u00fcnchen ist am Montagvormittag ein Baum umgest\u00fcrzt und auf einen Zug gefallen. Die Reisenden&hellip;\n","protected":false},"author":2,"featured_media":531222,"comment_status":"","ping_status":"","sticky":false,"template":"","format":"standard","meta":{"footnotes":""},"categories":[2],"tags":[2030,29,30,6787,13,1268,14,15,3093,12,149,10,8,9,11,19391,601,3232],"class_list":{"0":"post-531221","1":"post","2":"type-post","3":"status-publish","4":"format-standard","5":"has-post-thumbnail","7":"category-deutschland","8":"tag-deutsche-bahn","9":"tag-deutschland","10":"tag-germany","11":"tag-giesing","12":"tag-headlines","13":"tag-muenchen","14":"tag-nachrichten","15":"tag-news","16":"tag-polizei-und-feuerwehr-in-muenchen","17":"tag-schlagzeilen","18":"tag-sueddeutsche-zeitung","19":"tag-top-news","20":"tag-top-meldungen","21":"tag-topmeldungen","22":"tag-topnews","23":"tag-untergiesing-harlaching","24":"tag-verkehr","25":"tag-verkehr-in-muenchen"},"share_on_mastodon":{"url":"https:\/\/pubeurope.com\/@de\/115447865066073420","error":""},"_links":{"self":[{"href":"https:\/\/www.europesays.com\/de\/wp-json\/wp\/v2\/posts\/531221","targetHints":{"allow":["GET"]}}],"collection":[{"href":"https:\/\/www.europesays.com\/de\/wp-json\/wp\/v2\/posts"}],"about":[{"href":"https:\/\/www.europesays.com\/de\/wp-json\/wp\/v2\/types\/post"}],"author":[{"embeddable":true,"href":"https:\/\/www.europesays.com\/de\/wp-json\/wp\/v2\/users\/2"}],"replies":[{"embeddable":true,"href":"https:\/\/www.europesays.com\/de\/wp-json\/wp\/v2\/comments?post=531221"}],"version-history":[{"count":0,"href":"https:\/\/www.europesays.com\/de\/wp-json\/wp\/v2\/posts\/531221\/revisions"}],"wp:featuredmedia":[{"embeddable":true,"href":"https:\/\/www.europesays.com\/de\/wp-json\/wp\/v2\/media\/531222"}],"wp:attachment":[{"href":"https:\/\/www.europesays.com\/de\/wp-json\/wp\/v2\/media?parent=531221"}],"wp:term":[{"taxonomy":"category","embeddable":true,"href":"https:\/\/www.europesays.com\/de\/wp-json\/wp\/v2\/categories?post=531221"},{"taxonomy":"post_tag","embeddable":true,"href":"https:\/\/www.europesays.com\/de\/wp-json\/wp\/v2\/tags?post=531221"}],"curies":[{"name":"wp","href":"https:\/\/api.w.org\/{rel}","templated":true}]}}