{"id":531521,"date":"2025-10-27T22:42:14","date_gmt":"2025-10-27T22:42:14","guid":{"rendered":"https:\/\/www.europesays.com\/de\/531521\/"},"modified":"2025-10-27T22:42:14","modified_gmt":"2025-10-27T22:42:14","slug":"tennis-unter-freiem-himmel-auch-im-winter","status":"publish","type":"post","link":"https:\/\/www.europesays.com\/de\/531521\/","title":{"rendered":"Tennis unter freiem Himmel auch im Winter"},"content":{"rendered":"<p class=\"text_ohne_einzug richtext text-em-55 !leading-serif mx-6 desktop:mx-0\"> Der Tennisclub (TC) Schiefbahn und das Tenniscenter Schiefbahn sorgen daf\u00fcr, dass auch im Winter Tennis gespielt werden kann: Auf der traditionsreichen Anlage werden zwei der Au\u00dfenpl\u00e4tze in moderne Winter-Hardcourts mit LED-Flutlichtanlage umgebaut. \u201eDamit z\u00e4hlt der TC Schiefbahn zu den ersten Vereinen in der Region, die ein solches System anbieten\u201c, teilt der Verein mit.<\/p>\n","protected":false},"excerpt":{"rendered":"Der Tennisclub (TC) Schiefbahn und das Tenniscenter Schiefbahn sorgen daf\u00fcr, dass auch im Winter Tennis gespielt werden kann:&hellip;\n","protected":false},"author":2,"featured_media":531522,"comment_status":"","ping_status":"","sticky":false,"template":"","format":"standard","meta":{"footnotes":""},"categories":[1849],"tags":[5646,130612,130610,18543,130611,3364,29,548,663,3934,30,130609,13,5929,4455,14,15,1209,19886,40829,12,4206,130608,51476,10434,130613,4951],"class_list":{"0":"post-531521","1":"post","2":"type-post","3":"status-publish","4":"format-standard","5":"has-post-thumbnail","7":"category-moenchengladbach","8":"tag-led","9":"tag-ascheplaetze","10":"tag-aussenplaetze","11":"tag-court","12":"tag-courts","13":"tag-de","14":"tag-deutschland","15":"tag-eu","16":"tag-europa","17":"tag-europe","18":"tag-germany","19":"tag-hardcourt","20":"tag-headlines","21":"tag-mitglieder","22":"tag-moenchengladbach","23":"tag-nachrichten","24":"tag-news","25":"tag-nordrhein-westfalen","26":"tag-plaetze","27":"tag-schiefbahn","28":"tag-schlagzeilen","29":"tag-tennis","30":"tag-tenniscenter","31":"tag-tennisclub","32":"tag-verein","33":"tag-vereinsmitgliedern","34":"tag-winter"},"share_on_mastodon":{"url":"https:\/\/pubeurope.com\/@de\/115448548219683960","error":""},"_links":{"self":[{"href":"https:\/\/www.europesays.com\/de\/wp-json\/wp\/v2\/posts\/531521","targetHints":{"allow":["GET"]}}],"collection":[{"href":"https:\/\/www.europesays.com\/de\/wp-json\/wp\/v2\/posts"}],"about":[{"href":"https:\/\/www.europesays.com\/de\/wp-json\/wp\/v2\/types\/post"}],"author":[{"embeddable":true,"href":"https:\/\/www.europesays.com\/de\/wp-json\/wp\/v2\/users\/2"}],"replies":[{"embeddable":true,"href":"https:\/\/www.europesays.com\/de\/wp-json\/wp\/v2\/comments?post=531521"}],"version-history":[{"count":0,"href":"https:\/\/www.europesays.com\/de\/wp-json\/wp\/v2\/posts\/531521\/revisions"}],"wp:featuredmedia":[{"embeddable":true,"href":"https:\/\/www.europesays.com\/de\/wp-json\/wp\/v2\/media\/531522"}],"wp:attachment":[{"href":"https:\/\/www.europesays.com\/de\/wp-json\/wp\/v2\/media?parent=531521"}],"wp:term":[{"taxonomy":"category","embeddable":true,"href":"https:\/\/www.europesays.com\/de\/wp-json\/wp\/v2\/categories?post=531521"},{"taxonomy":"post_tag","embeddable":true,"href":"https:\/\/www.europesays.com\/de\/wp-json\/wp\/v2\/tags?post=531521"}],"curies":[{"name":"wp","href":"https:\/\/api.w.org\/{rel}","templated":true}]}}