{"id":532252,"date":"2025-10-28T06:19:13","date_gmt":"2025-10-28T06:19:13","guid":{"rendered":"https:\/\/www.europesays.com\/de\/532252\/"},"modified":"2025-10-28T06:19:13","modified_gmt":"2025-10-28T06:19:13","slug":"angela-merkel-kritisiert-indirekt-merz-stadtbild-aussage","status":"publish","type":"post","link":"https:\/\/www.europesays.com\/de\/532252\/","title":{"rendered":"Angela Merkel kritisiert indirekt Merz\u2019 \u201eStadtbild\u201c-Aussage"},"content":{"rendered":"<p class=\"tspCCnc tspCCnd\">Die fr\u00fchere Bundeskanzlerin Angela Merkel (CDU) ist am Montagabend nicht direkt auf die <a href=\"https:\/\/www.tagesspiegel.de\/politik\/spd-kritik-an-kanzler-und-fraktion-warnsignal-fur-klingbeil-und-miersch-14673455.html?icid=in-text-link_14675732\" class=\"link link--internal\" data-gtm-class=\"article-text-link\" data-gtm-val=\"internal\" target=\"_blank\" rel=\"noopener\">\u201eStadtbild\u201c-Debatte<\/a> eingegangen \u2013 und doch<strong> \u00fcbte sie indirekte Kritik an ihrem Nachfolger Friedrich Merz (CDU). <\/strong><\/p>\n<p class=\"tspCCnc\">Bei einer Lesung in Bonn las Merkel gut eineinhalb Stunden aus ihrer Autobiografie \u201eFreiheit\u201c vor und erz\u00e4hlte aus ihrem Leben. Das Publikum in der voll besetzten Bonner Oper unterbrach sie immer wieder mit Applaus und feierte sie am Ende mit Standing Ovations.<\/p>\n<p> \u201eIn der Sache redlich und im Ton ma\u00dfvoll\u201c <\/p>\n<p class=\"tspCCnc\">Viel Zeit widmete Merkel dem Jahr 2015, <strong>als fast eine Million Fl\u00fcchtlinge nach Deutschland kamen <\/strong>und sie ihren bekanntesten Satz \u201eWir schaffen das\u201c sprach. Sie \u00e4u\u00dferte sich kritisch zu dem Begriff \u201eFl\u00fcchtlingsstrom\u201c, schlie\u00dflich m\u00fcsse man immer den einzelnen Menschen sehen.<\/p>\n<p class=\"tspCCnc\">Gerade in der Fl\u00fcchtlingspolitik m\u00fcsse man<strong> \u201ein der Sache redlich und im Ton ma\u00dfvoll\u201c <\/strong>agieren, mahnte Merkel. \u201eDie \u00fcbergro\u00dfe Mehrheit der Menschen hat ein untr\u00fcgliches Gesp\u00fcr daf\u00fcr, ob Politiker aus einem Kalk\u00fcl handeln, ob sie sich sogar von der AfD gleichsam am Nasenring durch die Manege f\u00fchren lassen, oder ob sie handeln, weil sie aufrichtig daran interessiert sind, Probleme zu l\u00f6sen\u201c, las sie aus ihrem Buch vor. F\u00fcr demokratische Parteien seien <strong>\u201eMa\u00df und Mitte\u201c <\/strong>Basis und Voraussetzung ihres Erfolgs.<\/p>\n<p> Mehr zur Stadtbild-Debatte <a href=\"https:\/\/www.tagesspiegel.de\/kultur\/merz-das-stadtbild-und-die-tochter-was-bedeutet-femonationalismus-14649302.html?icid=topic-list_14675732___\" data-gtm-class=\"article-mzt-link\" class=\"tspCKn0\" target=\"_blank\" rel=\"noopener\">Merz, das Stadtbild und die T\u00f6chter Was bedeutet Femonationalismus? <\/a><a href=\"https:\/\/www.tagesspiegel.de\/politik\/spd-kritik-an-kanzler-und-fraktion-warnsignal-fur-klingbeil-und-miersch-14673455.html?icid=topic-list_14675732___\" data-gtm-class=\"article-mzt-link\" class=\"tspCKn0\" target=\"_blank\" rel=\"noopener\">Streit ums \u201eStadtbild\u201c Hat die SPD-Spitze ihre Leute noch im Griff?  <\/a><a href=\"https:\/\/www.tagesspiegel.de\/politik\/opposition-in-der-regierung-hat-noch-nie-funktioniert-spahn-kritisiert-spd-wegen-teilnahme-an-stadtbild-demo-14664050.html?icid=topic-list_14675732___\" data-gtm-class=\"article-mzt-link\" class=\"tspCKn0\" target=\"_blank\" rel=\"noopener\">\u201eOpposition in der Regierung hat noch nie funktioniert\u201c Spahn kritisiert SPD wegen Teilnahme an \u201eStadtbild\u201c-Demo <\/a><\/p>\n<p class=\"tspCCnc\">Ursprung der <a href=\"https:\/\/www.tagesspiegel.de\/politik\/nach-stadtbild-kritik-des-cdu-sozialflugels-soder-kritisiert-linke-kampagne-gegen-merz--auch-dobrindt-verteidigt-den-kanzler-14615285.html?icid=in-text-link_14675732\" class=\"link link--internal\" data-gtm-class=\"article-text-link\" data-gtm-val=\"internal\" target=\"_blank\" rel=\"noopener\">\u201eStadtbild\u201c-Debatte ist eine \u00c4u\u00dferung von Bundeskanzler und CDU-Chef Friedrich Merz<\/a>. Merz hatte am 14. Oktober gesagt, die Bundesregierung korrigiere fr\u00fchere Vers\u00e4umnisse in der Migrationspolitik und mache Fortschritte, \u201eaber wir haben nat\u00fcrlich immer im Stadtbild noch dieses Problem, und deswegen ist der Bundesinnenminister ja auch dabei, jetzt in sehr gro\u00dfem Umfang auch R\u00fcckf\u00fchrungen zu erm\u00f6glichen und durchzuf\u00fchren\u201c. <\/p>\n<p class=\"tspCCnc\">Am vergangenen Mittwoch konkretisierte er dann, Probleme w\u00fcrden diejenigen Migranten machen, <strong>die keinen dauerhaften Aufenthaltsstatus h\u00e4tten,<\/strong> nicht arbeiteten und sich auch nicht an die in Deutschland geltenden Regeln hielten. (dpa)<\/p>\n","protected":false},"excerpt":{"rendered":"Die fr\u00fchere Bundeskanzlerin Angela Merkel (CDU) ist am Montagabend nicht direkt auf die \u201eStadtbild\u201c-Debatte eingegangen \u2013 und doch&hellip;\n","protected":false},"author":2,"featured_media":532253,"comment_status":"","ping_status":"","sticky":false,"template":"","format":"standard","meta":{"footnotes":""},"categories":[1842],"tags":[186,7015,1741,31,3364,29,3919,775,30,1209],"class_list":{"0":"post-532252","1":"post","2":"type-post","3":"status-publish","4":"format-standard","5":"has-post-thumbnail","7":"category-bonn","8":"tag-afd","9":"tag-angela-merkel","10":"tag-bonn","11":"tag-cdu","12":"tag-de","13":"tag-deutschland","14":"tag-fluechtling","15":"tag-friedrich-merz","16":"tag-germany","17":"tag-nordrhein-westfalen"},"share_on_mastodon":{"url":"https:\/\/pubeurope.com\/@de\/115450345111197276","error":""},"_links":{"self":[{"href":"https:\/\/www.europesays.com\/de\/wp-json\/wp\/v2\/posts\/532252","targetHints":{"allow":["GET"]}}],"collection":[{"href":"https:\/\/www.europesays.com\/de\/wp-json\/wp\/v2\/posts"}],"about":[{"href":"https:\/\/www.europesays.com\/de\/wp-json\/wp\/v2\/types\/post"}],"author":[{"embeddable":true,"href":"https:\/\/www.europesays.com\/de\/wp-json\/wp\/v2\/users\/2"}],"replies":[{"embeddable":true,"href":"https:\/\/www.europesays.com\/de\/wp-json\/wp\/v2\/comments?post=532252"}],"version-history":[{"count":0,"href":"https:\/\/www.europesays.com\/de\/wp-json\/wp\/v2\/posts\/532252\/revisions"}],"wp:featuredmedia":[{"embeddable":true,"href":"https:\/\/www.europesays.com\/de\/wp-json\/wp\/v2\/media\/532253"}],"wp:attachment":[{"href":"https:\/\/www.europesays.com\/de\/wp-json\/wp\/v2\/media?parent=532252"}],"wp:term":[{"taxonomy":"category","embeddable":true,"href":"https:\/\/www.europesays.com\/de\/wp-json\/wp\/v2\/categories?post=532252"},{"taxonomy":"post_tag","embeddable":true,"href":"https:\/\/www.europesays.com\/de\/wp-json\/wp\/v2\/tags?post=532252"}],"curies":[{"name":"wp","href":"https:\/\/api.w.org\/{rel}","templated":true}]}}