{"id":532319,"date":"2025-10-28T06:57:12","date_gmt":"2025-10-28T06:57:12","guid":{"rendered":"https:\/\/www.europesays.com\/de\/532319\/"},"modified":"2025-10-28T06:57:12","modified_gmt":"2025-10-28T06:57:12","slug":"alles-was-zaehlt-heute-auf-rtl-richard-steinkamp-zeigt-mut-unterhaltung","status":"publish","type":"post","link":"https:\/\/www.europesays.com\/de\/532319\/","title":{"rendered":"\u201eAlles was z\u00e4hlt\u201c heute auf RTL+: Richard Steinkamp zeigt Mut | Unterhaltung"},"content":{"rendered":"<p><b>Die beliebte Daily Soap \u201eAlles was z\u00e4hlt\u201c begeistert t\u00e4glich seit fast zwei Jahrzehnten mit fesselnden Geschichten rund um Liebe, Ehrgeiz und famili\u00e4re Konflikte.<\/b><\/p>\n<p>In der beliebten Serie \u201eAlles was z\u00e4hlt\u201c ist immer etwas los. Doch was erwartet die Zuschauer heute? Eines ist sicher: Auch heute gibt es wieder einige spannende Wendungen. Lesen Sie hier die Vorschau auf die Folge 4815 von \u201eAlles was z\u00e4hlt\u201c am 24. Oktober 2025 auf RTL+.<\/p>\n<p>Darum geht es heute bei \u201eAlles was z\u00e4hlt\u201c<\/p>\n<p>Hier ist die Vorschau zur neuen \u201eAlles was z\u00e4hlt\u201c-Folge 4816 am Freitag, dem 27. Oktober 2025, auf RTL+:<\/p>\n<p>+++ Achtung Spoiler: Diese Folge ist heute auf RTL+ verf\u00fcgbar und erst n\u00e4chste Woche im TV zu sehen +++<\/p>\n<p>Durch Nils wird Richard (Silvan-Pierre Leirich, 64) daran erinnert, worauf es im Leben wirklich ankommt. Mutig fasst er den Entschluss, sich endlich seiner Angst zu stellen.<\/p>\n<p>Lennox hat es bei der Stadtmeisterschaft im Kickboxen bis ins Finale geschafft: ein Erfolg, der ihn stolz macht, aber auch ziemlich nerv\u00f6s. Zum Gl\u00fcck steht er nicht allein da, denn Henning (Stefan Bockelmann, 49), Daniela (Berrit Arnold, 54) und sein Trainer Dragan (Florian Thunemann, 45) geben ihm mentalen R\u00fcckhalt und st\u00e4rken sein Selbstvertrauen.<\/p>\n<p><img decoding=\"async\" width=\"992\" height=\"558\" alt=\"Richard (l.) stellt sich seiner Angst\" src=\"https:\/\/www.europesays.com\/de\/wp-content\/uploads\/2025\/10\/4daa5c87aeb20b0482570a3eeee88de0,dbff4b3b\"   class=\"landscape\" loading=\"lazy\"\/><\/p>\n<p class=\"fig__caption__text\">Richard (l.) stellt sich seiner Angst<\/p>\n<p>Foto: RTL\/Julia Feldhagen<\/p>\n<p>Doch ein Schatten liegt \u00fcber dem gro\u00dfen Tag: Olaf, der gewaltt\u00e4tige Ex-Freund von Lennox\u2019 Mutter, wird ebenfalls bei der Meisterschaft anwesend sein. Einer seiner Sch\u00fcler tritt dort an und k\u00f6nnte es ebenfalls bis ins Finale schaffen, womit Lennox direkt gegen ihn k\u00e4mpfen m\u00fcsste. Kurz vor dem Wettkampf trifft Lennox auf Olaf, der die Situation gnadenlos nutzt, um ihn einzusch\u00fcchtern.<\/p>\n<p>Um was f\u00fcr einen Plan es sich handelt, sehen Sie schon heute auf RTL+ und am 3. November um 19:05 Uhr im Free-TV.<\/p>\n<p>Wo und wann l\u00e4uft \u201eAlles was z\u00e4hlt\u201c?<\/p>\n<p>\u201eAlles was z\u00e4hlt\u201c l\u00e4uft montags bis freitags um 19:05 Uhr auf <a href=\"https:\/\/www.bild.de\/themen\/organisationen\/rtl\/groesster-privatsender-in-deutschland-19409690.bild.html\" class=\"text-link\" rel=\"nofollow noopener\" target=\"_blank\">RTL<\/a>. Die neuesten Folgen sind bereits eine Woche vorab im Stream auf <a href=\"https:\/\/my.plus.rtl.de\/buchen\/initial?ref=CTA-BUCHEN-MENU&amp;utm_source=awin&amp;utm_medium=cpo&amp;utm_campaign=TVN00001_Affiliate&amp;utm_term=508711&amp;utm_content=statics.teams.cdn.office.net&amp;awc=16040_1723632692_f28796a5c3f66306bcbcc20f14e47abd\" target=\"_blank\" rel=\"nofollow noopener\" class=\"text-link--external text-link\">RTL+<\/a> (ANZEIGE) verf\u00fcgbar.<\/p>\n<p><b>Korrektur<\/b><\/p>\n<p>In einer fr\u00fcheren Version des Artikels war das Aufmacherfoto falsch beschriftet. Der Schauspieler ganz rechts hei\u00dft Robin Schick und nicht wie zun\u00e4chst geschrieben Leif Lunburg.<\/p>\n","protected":false},"excerpt":{"rendered":"Die beliebte Daily Soap \u201eAlles was z\u00e4hlt\u201c begeistert t\u00e4glich seit fast zwei Jahrzehnten mit fesselnden Geschichten rund um&hellip;\n","protected":false},"author":2,"featured_media":532320,"comment_status":"","ping_status":"","sticky":false,"template":"","format":"standard","meta":{"footnotes":""},"categories":[1773],"tags":[2303,2305,29,214,2287,30,640,2286,471,1780,45,2304,215],"class_list":{"0":"post-532319","1":"post","2":"type-post","3":"status-publish","4":"format-standard","5":"has-post-thumbnail","7":"category-serien","8":"tag-alles-was-zaehlt","9":"tag-daily-soap","10":"tag-deutschland","11":"tag-entertainment","12":"tag-g-standard","13":"tag-germany","14":"tag-rtl","15":"tag-seo-nicht-benutzen","16":"tag-serien","17":"tag-series","18":"tag-texttospeech","19":"tag-tv-formate","20":"tag-unterhaltung"},"share_on_mastodon":{"url":"https:\/\/pubeurope.com\/@de\/115450495125106469","error":""},"_links":{"self":[{"href":"https:\/\/www.europesays.com\/de\/wp-json\/wp\/v2\/posts\/532319","targetHints":{"allow":["GET"]}}],"collection":[{"href":"https:\/\/www.europesays.com\/de\/wp-json\/wp\/v2\/posts"}],"about":[{"href":"https:\/\/www.europesays.com\/de\/wp-json\/wp\/v2\/types\/post"}],"author":[{"embeddable":true,"href":"https:\/\/www.europesays.com\/de\/wp-json\/wp\/v2\/users\/2"}],"replies":[{"embeddable":true,"href":"https:\/\/www.europesays.com\/de\/wp-json\/wp\/v2\/comments?post=532319"}],"version-history":[{"count":0,"href":"https:\/\/www.europesays.com\/de\/wp-json\/wp\/v2\/posts\/532319\/revisions"}],"wp:featuredmedia":[{"embeddable":true,"href":"https:\/\/www.europesays.com\/de\/wp-json\/wp\/v2\/media\/532320"}],"wp:attachment":[{"href":"https:\/\/www.europesays.com\/de\/wp-json\/wp\/v2\/media?parent=532319"}],"wp:term":[{"taxonomy":"category","embeddable":true,"href":"https:\/\/www.europesays.com\/de\/wp-json\/wp\/v2\/categories?post=532319"},{"taxonomy":"post_tag","embeddable":true,"href":"https:\/\/www.europesays.com\/de\/wp-json\/wp\/v2\/tags?post=532319"}],"curies":[{"name":"wp","href":"https:\/\/api.w.org\/{rel}","templated":true}]}}