{"id":532321,"date":"2025-10-28T06:58:15","date_gmt":"2025-10-28T06:58:15","guid":{"rendered":"https:\/\/www.europesays.com\/de\/532321\/"},"modified":"2025-10-28T06:58:15","modified_gmt":"2025-10-28T06:58:15","slug":"loredana-macht-oeffentlich-vom-manager-einer-deutschrapperin-bedroht-zu-werden","status":"publish","type":"post","link":"https:\/\/www.europesays.com\/de\/532321\/","title":{"rendered":"Loredana macht \u00f6ffentlich, vom Manager einer Deutschrapperin &#8222;bedroht&#8220; zu werden"},"content":{"rendered":"<p>\u00dcber ihren Instagram-Broadcast-Channel &#8222;King Lori Private&#8220; &#8211; der entgegen des Namens f\u00fcr jedermann einsehbar ist und mehr als 40.000 Mitglieder hat &#8211; macht <a href=\"https:\/\/hiphop.de\/loredana\" rel=\" noopener\" target=\"_blank\">Loredana<\/a> \u00f6ffentlich, von dem Manager einer Rapperin seit l\u00e4ngerer Zeit bedroht zu werden. Angeblich w\u00fcrde dieser unter anderem versuchen, ihre Fanpages sperren zu lassen, und h\u00e4tte in der Vergangenheit sogar ihren inzwischen Ehemann <a href=\"https:\/\/hiphop.de\/karim-adeyemi\" rel=\" noopener\" target=\"_blank\">Karim Adeyemi<\/a> kontaktiert.<\/p>\n<p>Loredana prangert Bedrohung durch Rapperin &amp; Manager an<\/p>\n<p>In ihrer Nachricht fragt Loredana ihre Follower, ob ihnen bewusst sei, womit sie seit l\u00e4ngerer Zeit zu k\u00e4mpfen habe. So behauptet sie, dass der &#8222;Manager von einer gewissen K\u00fcnstlerin in Deutschland&#8220;\u00a0aktiv versuche, ihr Steine in den Weg zu legen. Beispielsweise w\u00fcrde er ihre Fanpages melden und andere dazu animieren, es ihm gleichzutun. Au\u00dferdem soll er sie bedrohen &#8222;mit Sachen, die nix mit dem Thema zu tun haben&#8220;. So w\u00fcrde ihr unter anderem vorgehalten, dass sie dankbar sein m\u00fcsse, da ihr Ex &#8211; damit d\u00fcrfte <a href=\"https:\/\/hiphop.de\/mozzik\" rel=\" noopener\" target=\"_blank\">Mozzik<\/a> gemeint sein &#8211; ein Feature bei der K\u00fcnstlerin des besagten Managers angefragt und eine Absage bekommen h\u00e4tte.<\/p>\n<p>Zudem behauptet die 30-J\u00e4hrige, dass der Manager einst Leute zu Karim Adeyemi geschickt h\u00e4tte, um diesen vor Loredana zu warnen. Sie sei nur auf das Geld des Fu\u00dfball-Profis aus, soll die Nachricht gelautet haben.<\/p>\n<p>Namen nennt Loredana keine. Auch erkl\u00e4rt sie nicht, was mit &#8222;dem Thema&#8220; gemeint ist. Zumindest bei X\/Twitter und Co. sind sich die meisten in ihren Spekulationen jedoch einig, an wen die Nachrichten gerichtet sind. Loredana schlie\u00dft ihren Rant mit einer Aufforderung an die besagte K\u00fcnstlerin ab:<\/p>\n","protected":false},"excerpt":{"rendered":"\u00dcber ihren Instagram-Broadcast-Channel &#8222;King Lori Private&#8220; &#8211; der entgegen des Namens f\u00fcr jedermann einsehbar ist und mehr als&hellip;\n","protected":false},"author":2,"featured_media":532322,"comment_status":"","ping_status":"","sticky":false,"template":"","format":"standard","meta":{"footnotes":""},"categories":[1772],"tags":[71454,2886,29,2131,1660,214,30,66506,1030,1779,810,15,2138,2127,215],"class_list":{"0":"post-532321","1":"post","2":"type-post","3":"status-publish","4":"format-standard","5":"has-post-thumbnail","7":"category-musik","8":"tag-bedroht","9":"tag-beef","10":"tag-deutschland","11":"tag-deutschrap","12":"tag-drohung","13":"tag-entertainment","14":"tag-germany","15":"tag-loredana","16":"tag-manager","17":"tag-music","18":"tag-musik","19":"tag-news","20":"tag-rap","21":"tag-streit","22":"tag-unterhaltung"},"share_on_mastodon":{"url":"https:\/\/pubeurope.com\/@de\/115450498670098326","error":""},"_links":{"self":[{"href":"https:\/\/www.europesays.com\/de\/wp-json\/wp\/v2\/posts\/532321","targetHints":{"allow":["GET"]}}],"collection":[{"href":"https:\/\/www.europesays.com\/de\/wp-json\/wp\/v2\/posts"}],"about":[{"href":"https:\/\/www.europesays.com\/de\/wp-json\/wp\/v2\/types\/post"}],"author":[{"embeddable":true,"href":"https:\/\/www.europesays.com\/de\/wp-json\/wp\/v2\/users\/2"}],"replies":[{"embeddable":true,"href":"https:\/\/www.europesays.com\/de\/wp-json\/wp\/v2\/comments?post=532321"}],"version-history":[{"count":0,"href":"https:\/\/www.europesays.com\/de\/wp-json\/wp\/v2\/posts\/532321\/revisions"}],"wp:featuredmedia":[{"embeddable":true,"href":"https:\/\/www.europesays.com\/de\/wp-json\/wp\/v2\/media\/532322"}],"wp:attachment":[{"href":"https:\/\/www.europesays.com\/de\/wp-json\/wp\/v2\/media?parent=532321"}],"wp:term":[{"taxonomy":"category","embeddable":true,"href":"https:\/\/www.europesays.com\/de\/wp-json\/wp\/v2\/categories?post=532321"},{"taxonomy":"post_tag","embeddable":true,"href":"https:\/\/www.europesays.com\/de\/wp-json\/wp\/v2\/tags?post=532321"}],"curies":[{"name":"wp","href":"https:\/\/api.w.org\/{rel}","templated":true}]}}