{"id":532327,"date":"2025-10-28T07:01:16","date_gmt":"2025-10-28T07:01:16","guid":{"rendered":"https:\/\/www.europesays.com\/de\/532327\/"},"modified":"2025-10-28T07:01:16","modified_gmt":"2025-10-28T07:01:16","slug":"karaman-erklaert-das-erfolgsrezept-des-fc-schalke-04","status":"publish","type":"post","link":"https:\/\/www.europesays.com\/de\/532327\/","title":{"rendered":"Karaman erkl\u00e4rt das Erfolgsrezept des FC Schalke 04"},"content":{"rendered":"\n<p>Seit dem vergangenen Wochenende rangiert der FC Schalke 04 in der Tabelle der 2. Fu\u00dfball-Bundesliga auf Platz eins, hat sich innerhalb weniger Monate zu einem ernsthaften Aufstiegskandidaten entwickelt. Nach dem n\u00e4chsten Zu-Null-Sieg gegen den SV Darmstadt 98 (1:0) sieht auch S04-Kapit\u00e4n Kenan Karaman seine Mannschaft auf einem \u00fcberaus guten Weg.<\/p>\n<p>Nach dem Heimsieg gegen die Lilien hob Kenan Karaman vor allem den Flei\u00df und das Engagement hervor, mit dem er und seine Teamkollegen sich in den Trainingswochen gegenseitig zu H\u00f6chstleistungen animieren: &#8222;Ich denke, das ist die harte Arbeit, die wir wirklich tagt\u00e4glich hinlegen. Das ist auch irgendwo der Glaube an das, was wir auf dem Platz machen wollen&#8220;, meinte der F\u00fchrungsspieler am Freitag nach Abpfiff.\u00a0<\/p>\n<p>Der FC Schalke hat vor allem\u00a0im Defensivbereich unter Cheftrainer Miron Muslic zu v\u00f6llig neuer Stabilit\u00e4t gefunden, kassierte in zehn Partien erst f\u00fcnf Gegentore in der 2. Bundesliga. Nach Aussage des Schalker Kapit\u00e4ns hat der \u00d6sterreicher l\u00e4ngst die gesamte Mannschaft hinter seiner Spielidee versammelt, was Karaman als das gro\u00dfe Erfolgsrezept der laufenden Spielzeit ausmachte.<\/p>\n<p>\t\tMittwoch trifft der FC Schalke erneut auf Darmstadt 98<\/p>\n<p>&#8222;So w\u00e4chst die Kabine zusammen.\u00a0Das Glaube wird immer gr\u00f6\u00dfer, und dann wird es auch f\u00fcr jeden Gegner schwer&#8220;, meinte der Angreifer, der selbst neun der zehn Saisonspiele f\u00fcr seine Farben bestritt.\u00a0<\/p>\n<p><a href=\"https:\/\/plus.rtl.de\/themenwelt\/bundesliga?utm_campaign=bannerlink&amp;utm_source=sportde&amp;utm_medium=owned&amp;utm_content=article&amp;utm_term=bundesliga\" target=\"_blank\" rel=\"noopener\"><img decoding=\"async\" src=\"https:\/\/www.europesays.com\/de\/wp-content\/uploads\/2025\/08\/6x3x_4c6G1t_l.jpg\"\/><\/a><\/p>\n<p>Das Thema Aufstieg spielt nach Aussage des 31-J\u00e4hrigen derweil noch keine Rolle unter den S04-Profis &#8211; zumindest behauptete Karaman das nach dem emotionalen Heimsieg gegen Darmstadt 98 vehement: &#8222;Es ist sch\u00f6n, dass wir oben stehen. Aber ich bin ganz ehrlich, das ist unter uns in der Kabine gar kein Thema.&#8220;<\/p>\n<p>Am Mittwochabend steht der erneute Vergleich mit den Lilien an, wenn es ausw\u00e4rts in die zweite DFB-Pokalrunde geht (Ansto\u00df 20:45 Uhr). Am kommenden Samstag geht es dann mit dem Zweitliga-Ausw\u00e4rtsspiel beim Karlsruher SC weiter.<\/p>\n","protected":false},"excerpt":{"rendered":"Seit dem vergangenen Wochenende rangiert der FC Schalke 04 in der Tabelle der 2. Fu\u00dfball-Bundesliga auf Platz eins,&hellip;\n","protected":false},"author":2,"featured_media":532328,"comment_status":"","ping_status":"","sticky":false,"template":"","format":"standard","meta":{"footnotes":""},"categories":[136],"tags":[621,29,1264,3158,347,30,66742,265,863,887],"class_list":{"0":"post-532327","1":"post","2":"type-post","3":"status-publish","4":"format-standard","5":"has-post-thumbnail","7":"category-sport","8":"tag-2-bundesliga","9":"tag-deutschland","10":"tag-dfb-pokal","11":"tag-fc-schalke-04","12":"tag-fussball","13":"tag-germany","14":"tag-kenan-karaman","15":"tag-sport","16":"tag-sport-allgemein","17":"tag-top-fussball"},"share_on_mastodon":{"url":"https:\/\/pubeurope.com\/@de\/115450511446850464","error":""},"_links":{"self":[{"href":"https:\/\/www.europesays.com\/de\/wp-json\/wp\/v2\/posts\/532327","targetHints":{"allow":["GET"]}}],"collection":[{"href":"https:\/\/www.europesays.com\/de\/wp-json\/wp\/v2\/posts"}],"about":[{"href":"https:\/\/www.europesays.com\/de\/wp-json\/wp\/v2\/types\/post"}],"author":[{"embeddable":true,"href":"https:\/\/www.europesays.com\/de\/wp-json\/wp\/v2\/users\/2"}],"replies":[{"embeddable":true,"href":"https:\/\/www.europesays.com\/de\/wp-json\/wp\/v2\/comments?post=532327"}],"version-history":[{"count":0,"href":"https:\/\/www.europesays.com\/de\/wp-json\/wp\/v2\/posts\/532327\/revisions"}],"wp:featuredmedia":[{"embeddable":true,"href":"https:\/\/www.europesays.com\/de\/wp-json\/wp\/v2\/media\/532328"}],"wp:attachment":[{"href":"https:\/\/www.europesays.com\/de\/wp-json\/wp\/v2\/media?parent=532327"}],"wp:term":[{"taxonomy":"category","embeddable":true,"href":"https:\/\/www.europesays.com\/de\/wp-json\/wp\/v2\/categories?post=532327"},{"taxonomy":"post_tag","embeddable":true,"href":"https:\/\/www.europesays.com\/de\/wp-json\/wp\/v2\/tags?post=532327"}],"curies":[{"name":"wp","href":"https:\/\/api.w.org\/{rel}","templated":true}]}}