{"id":532336,"date":"2025-10-28T07:06:13","date_gmt":"2025-10-28T07:06:13","guid":{"rendered":"https:\/\/www.europesays.com\/de\/532336\/"},"modified":"2025-10-28T07:06:13","modified_gmt":"2025-10-28T07:06:13","slug":"50-prominente-frauen-schreiben-stadtbild-brandbrief-an-merz","status":"publish","type":"post","link":"https:\/\/www.europesays.com\/de\/532336\/","title":{"rendered":"50 prominente Frauen schreiben \u201eStadtbild\u201c-Brandbrief an Merz"},"content":{"rendered":"<p class=\"tspCCnc\">50 Frauen aus Kunst, Wissenschaft, Politik und Zivilgesellschaft haben sich in einem offenen Brief an Bundeskanzler Friedrich Merz (CDU) gewandt. Sie rufen Merz dazu auf, sich verst\u00e4rkt f\u00fcr die Sicherheit von Frauen einzusetzen. Das <a href=\"https:\/\/www.spiegel.de\/politik\/stadtbild-debatte-50-frauen-aus-kunst-wissenschaft-und-politik-fordern-friedrich-merz-zu-konkreten-massnahmen-auf-a-7746d76b-7f93-42b4-afe7-ad4a11f98fe0\" target=\"_blank\" rel=\"noopener\" class=\"link link--external\" data-gtm-class=\"article-text-link\" data-gtm-val=\"external\" aria-describedby=\"message-target-blank\">berichtet der \u201eSpiegel\u201c<\/a>, dem das Schreiben vorliegt.<\/p>\n<p class=\"tspCCnc\">\u201eAuf Nachfrage, was genau Sie bei Ihren Aussagen zum ,Stadtbild\u2019 meinten, <a href=\"https:\/\/www.tagesspiegel.de\/politik\/ich-habe-gar-nichts-zuruckzunehmen-merz-verteidigt-seine-stadtbild-ausserung--bekennt-sich-aber-zu-weltoffenem-deutschland-14609288.html?icid=in-text-link_14675705\" class=\"link link--internal\" data-gtm-class=\"article-text-link\" data-gtm-val=\"internal\" target=\"_blank\" rel=\"noopener\">erkl\u00e4rten Sie, man solle ,die T\u00f6chter\u2019 fragen<\/a>\u201c, hei\u00dft es in dem Text. Und weiter: \u201eWir m\u00f6chten gerne \u00fcber Sicherheit f\u00fcr T\u00f6chter, also Frauen sprechen. Wir m\u00f6chten es allerdings ernsthaft tun, und nicht als billige Ausrede dienen, wenn rassistische Narrative rechtfertigt werden sollen.\u201c<\/p>\n<p class=\"tspCCnc\">Unterzeichnet haben den Brief unter anderem die Gr\u00fcnenpolitikerin Ricarda Lang, die Klimaschutzaktivistin Luisa Neubauer, die S\u00e4ngerin Joy Denalane, die Autorin Alice Hasters und die \u00d6konomin Isabella Weber. Au\u00dferdem dabei: die Schauspielerin Melika Foroutan, die Soziologin Jutta Allmendinger sowie die Schriftstellerinnen Lena Gorelik und Mithu Sanyal.<\/p>\n<p> Mehrheit der Frauen f\u00fchlt sich nicht sicher <\/p>\n<p class=\"tspCCnc\">Einer neuen Umfrage zufolge f\u00fchlt sich eine Mehrheit der Frauen im \u00f6ffentlichen Raum in Deutschland nicht sicher. In der Befragung des Meinungsforschungsinstituts Civey im Auftrag der Funke Mediengruppe gaben 55 Prozent der befragten Frauen an, sich an keinem der zur Auswahl stehenden \u00f6ffentlichen Orte sicher zu f\u00fchlen. Darunter waren unter anderem die Stra\u00dfe, \u00f6ffentliche Verkehrsmittel oder Parks. Am schlechtesten schnitten Clubs und Bahnh\u00f6fe ab \u2013 nur 14 Prozent der Frauen gaben an, sich dort sicher zu f\u00fchlen.<\/p>\n<p class=\"tspCCnc\">\u201eWir wollen einen \u00f6ffentlichen Raum, in dem sich alle Menschen wohlf\u00fchlen\u201c, hei\u00dft es in dem an Merz gerichteten Brandbrief. \u201eUnd wir wollen, dass Frauen sicher sind \u2013 auf der Stra\u00dfe und im eigenen Zuhause.\u201c<\/p>\n<p class=\"tspCCnc\">Dazu listen die Unterzeichnerinnen zehn Forderungen auf. Unter anderem wollen sie eine bessere Strafverfolgung bei sexualisierter und h\u00e4uslicher Gewalt, bessere Beleuchtung und \u00dcberwachung \u00f6ffentlicher R\u00e4ume und Frauenmorde ins Gesetzbuch aufnehmen. Au\u00dferdem fordern sie eine verl\u00e4ssliche Datenerhebung zu Gewalt gegen Frauen, ausreichend finanzierte Frauenh\u00e4user und Schutzr\u00e4ume, eine Reform des Abtreibungsrechts und Schutz vor digitaler Gewalt und Rassismus im Netz. Des Weiteren solle die Politik finanzielle Unabh\u00e4ngigkeit von Frauen st\u00e4rken und Altersarmut von Frauen bek\u00e4mpfen.<\/p>\n<p class=\"tspCCnc\">Die Erstunterzeichnerinnen haben angek\u00fcndigt, ihren Aufruf im Laufe des Dienstags ins Netz zu laden, damit auch andere unterzeichnen k\u00f6nnen. Sie hoffen, die \u201eStadtbild\u201c-Debatte f\u00fcr ihre frauen- und migrationspolitischen Anliegen nutzen zu k\u00f6nnen, schreibt der \u201eSpiegel\u201c.<\/p>\n<p> Merz steht wegen Kommunikation in der Kritik <\/p>\n<p class=\"tspCCnc\">Bundeskanzler Friedrich Merz (CDU) hatte zuletzt <a href=\"https:\/\/www.tagesspiegel.de\/politik\/nach-merz-stadtbild-aussage-vizekanzler-klingbeil-warnt-vor-spaltung-durch-wir-und-die-rhetorik-14634215.html?icid=in-text-link_14675705\" class=\"link link--internal\" data-gtm-class=\"article-text-link\" data-gtm-val=\"internal\" target=\"_blank\" rel=\"noopener\">eine Diskussion um \u00f6ffentliche Sicherheit und Migration<\/a> ausgel\u00f6st. Zun\u00e4chst hatte er gesagt, die Bundesregierung korrigiere fr\u00fchere Vers\u00e4umnisse in der Migrationspolitik und mache Fortschritte, \u201eaber wir haben nat\u00fcrlich immer im Stadtbild noch dieses Problem, und deswegen ist der Bundesinnenminister ja auch dabei, jetzt in sehr gro\u00dfem Umfang auch R\u00fcckf\u00fchrungen zu erm\u00f6glichen und durchzuf\u00fchren.\u201c<\/p>\n<p class=\"tspCCnc\">Sp\u00e4ter sagte der Kanzler auf Nachfrage: \u201eFragen Sie mal Ihre T\u00f6chter, was ich damit gemeint haben k\u00f6nnte. Ich vermute, Sie kriegen eine ziemlich klare und deutliche Antwort.\u201c Am vergangenen Mittwoch konkretisierte Merz, Probleme w\u00fcrden diejenigen Migranten machen, die keinen dauerhaften Aufenthaltsstatus h\u00e4tten, die nicht arbeiteten und die sich auch nicht an die in Deutschland geltenden Regeln hielten.<\/p>\n<p> Mehr zur \u201eStadtbild\u201c-Debatte <a href=\"https:\/\/www.tagesspiegel.de\/berlin\/bezirke\/friedrichshain-kreuzberg\/wegen-stadtbild-aussagen-kreuzberger-grune-stellen-strafanzeige-gegen-bundeskanzler-merz-14671055.html?icid=topic-list_14675705___\" data-gtm-class=\"article-mzt-link\" class=\"tspCKn0\" target=\"_blank\" rel=\"noopener\">Wegen \u201eStadtbild\u201c-Aussagen Kreuzberger Gr\u00fcne stellen Strafanzeige gegen Merz  <\/a><a href=\"https:\/\/www.tagesspiegel.de\/auch-ein-migrationsthema-ministerin-warken-sieht-no-go-areas-fur-frauen-14675084.html?icid=topic-list_14675705___\" data-gtm-class=\"article-mzt-link\" class=\"tspCKn0\" target=\"_blank\" rel=\"noopener\">\u201eAuch ein Migrationsthema\u201c Ministerin Warken sieht \u201eNo-go-Areas\u201c f\u00fcr Frauen <\/a><a href=\"https:\/\/www.tagesspiegel.de\/politik\/spd-kritik-an-kanzler-und-fraktion-warnsignal-fur-klingbeil-und-miersch-14673455.html?icid=topic-list_14675705___\" data-gtm-class=\"article-mzt-link\" class=\"tspCKn0\" target=\"_blank\" rel=\"noopener\">Streit ums \u201eStadtbild\u201c Hat die SPD-Spitze ihre Leute noch im Griff?  <\/a><\/p>\n<p class=\"tspCCnc\">Bei der Frage, wie die Befragten die aktuelle Kommunikation von Merz zum Thema Sicherheit von Frauen im \u00f6ffentlichen Raum bewerteten, ergibt sich in der Umfrage ein uneinheitliches Bild. 47 Prozent der Befragten bewerteten die Kommunikation des Kanzlers positiv, 42 Prozent hingegen negativ. (Tsp\/dpa)<\/p>\n","protected":false},"excerpt":{"rendered":"50 Frauen aus Kunst, Wissenschaft, Politik und Zivilgesellschaft haben sich in einem offenen Brief an Bundeskanzler Friedrich Merz&hellip;\n","protected":false},"author":2,"featured_media":532337,"comment_status":"","ping_status":"","sticky":false,"template":"","format":"standard","meta":{"footnotes":""},"categories":[2],"tags":[31,29,775,30,13,14,15,12936,12,10,8,9,11],"class_list":{"0":"post-532336","1":"post","2":"type-post","3":"status-publish","4":"format-standard","5":"has-post-thumbnail","7":"category-deutschland","8":"tag-cdu","9":"tag-deutschland","10":"tag-friedrich-merz","11":"tag-germany","12":"tag-headlines","13":"tag-nachrichten","14":"tag-news","15":"tag-ricarda-lang","16":"tag-schlagzeilen","17":"tag-top-news","18":"tag-top-meldungen","19":"tag-topmeldungen","20":"tag-topnews"},"share_on_mastodon":{"url":"https:\/\/pubeurope.com\/@de\/115450530077351643","error":""},"_links":{"self":[{"href":"https:\/\/www.europesays.com\/de\/wp-json\/wp\/v2\/posts\/532336","targetHints":{"allow":["GET"]}}],"collection":[{"href":"https:\/\/www.europesays.com\/de\/wp-json\/wp\/v2\/posts"}],"about":[{"href":"https:\/\/www.europesays.com\/de\/wp-json\/wp\/v2\/types\/post"}],"author":[{"embeddable":true,"href":"https:\/\/www.europesays.com\/de\/wp-json\/wp\/v2\/users\/2"}],"replies":[{"embeddable":true,"href":"https:\/\/www.europesays.com\/de\/wp-json\/wp\/v2\/comments?post=532336"}],"version-history":[{"count":0,"href":"https:\/\/www.europesays.com\/de\/wp-json\/wp\/v2\/posts\/532336\/revisions"}],"wp:featuredmedia":[{"embeddable":true,"href":"https:\/\/www.europesays.com\/de\/wp-json\/wp\/v2\/media\/532337"}],"wp:attachment":[{"href":"https:\/\/www.europesays.com\/de\/wp-json\/wp\/v2\/media?parent=532336"}],"wp:term":[{"taxonomy":"category","embeddable":true,"href":"https:\/\/www.europesays.com\/de\/wp-json\/wp\/v2\/categories?post=532336"},{"taxonomy":"post_tag","embeddable":true,"href":"https:\/\/www.europesays.com\/de\/wp-json\/wp\/v2\/tags?post=532336"}],"curies":[{"name":"wp","href":"https:\/\/api.w.org\/{rel}","templated":true}]}}