{"id":532349,"date":"2025-10-28T07:13:16","date_gmt":"2025-10-28T07:13:16","guid":{"rendered":"https:\/\/www.europesays.com\/de\/532349\/"},"modified":"2025-10-28T07:13:16","modified_gmt":"2025-10-28T07:13:16","slug":"verkehrssituation-in-juechen-soll-besser-werden","status":"publish","type":"post","link":"https:\/\/www.europesays.com\/de\/532349\/","title":{"rendered":"Verkehrssituation in J\u00fcchen soll besser werden"},"content":{"rendered":"<p>Er wird von der SPD unterst\u00fctzt und \u00fcbernimmt am Samstag das Amt des langj\u00e4hrigen CDU-B\u00fcrgermeisters Harald Zillikens. Sieben m\u00f6chte unter anderem das gro\u00dfe Thema Mobilit\u00e4t angehen. Er m\u00f6chte, dass die Verkehrssituation in J\u00fcchen besser werden soll. Viele der kleinen D\u00f6rfer h\u00e4tten mit viel Verkehr zu k\u00e4mpfen, so Sieben. Hier m\u00fcsse eine Entschleunigung her.\u00a0Au\u00dferdem m\u00f6chte er sich f\u00fcr ein B\u00fcrgerbus-Angebot einsetzen. Auch die Personalsituation in den KiTas hat er auf dem Plan &#8211; genauso wie die Verbesserung der Haushaltssituation.<\/p>\n","protected":false},"excerpt":{"rendered":"Er wird von der SPD unterst\u00fctzt und \u00fcbernimmt am Samstag das Amt des langj\u00e4hrigen CDU-B\u00fcrgermeisters Harald Zillikens. Sieben&hellip;\n","protected":false},"author":2,"featured_media":532350,"comment_status":"","ping_status":"","sticky":false,"template":"","format":"standard","meta":{"footnotes":""},"categories":[1849],"tags":[7162,3364,29,548,663,3934,30,13,4455,14,15,1209,12],"class_list":{"0":"post-532349","1":"post","2":"type-post","3":"status-publish","4":"format-standard","5":"has-post-thumbnail","7":"category-moenchengladbach","8":"tag-rhein-kreis-neuss","9":"tag-de","10":"tag-deutschland","11":"tag-eu","12":"tag-europa","13":"tag-europe","14":"tag-germany","15":"tag-headlines","16":"tag-moenchengladbach","17":"tag-nachrichten","18":"tag-news","19":"tag-nordrhein-westfalen","20":"tag-schlagzeilen"},"share_on_mastodon":{"url":"https:\/\/pubeurope.com\/@de\/115450557732111662","error":""},"_links":{"self":[{"href":"https:\/\/www.europesays.com\/de\/wp-json\/wp\/v2\/posts\/532349","targetHints":{"allow":["GET"]}}],"collection":[{"href":"https:\/\/www.europesays.com\/de\/wp-json\/wp\/v2\/posts"}],"about":[{"href":"https:\/\/www.europesays.com\/de\/wp-json\/wp\/v2\/types\/post"}],"author":[{"embeddable":true,"href":"https:\/\/www.europesays.com\/de\/wp-json\/wp\/v2\/users\/2"}],"replies":[{"embeddable":true,"href":"https:\/\/www.europesays.com\/de\/wp-json\/wp\/v2\/comments?post=532349"}],"version-history":[{"count":0,"href":"https:\/\/www.europesays.com\/de\/wp-json\/wp\/v2\/posts\/532349\/revisions"}],"wp:featuredmedia":[{"embeddable":true,"href":"https:\/\/www.europesays.com\/de\/wp-json\/wp\/v2\/media\/532350"}],"wp:attachment":[{"href":"https:\/\/www.europesays.com\/de\/wp-json\/wp\/v2\/media?parent=532349"}],"wp:term":[{"taxonomy":"category","embeddable":true,"href":"https:\/\/www.europesays.com\/de\/wp-json\/wp\/v2\/categories?post=532349"},{"taxonomy":"post_tag","embeddable":true,"href":"https:\/\/www.europesays.com\/de\/wp-json\/wp\/v2\/tags?post=532349"}],"curies":[{"name":"wp","href":"https:\/\/api.w.org\/{rel}","templated":true}]}}