{"id":532356,"date":"2025-10-28T07:17:15","date_gmt":"2025-10-28T07:17:15","guid":{"rendered":"https:\/\/www.europesays.com\/de\/532356\/"},"modified":"2025-10-28T07:17:15","modified_gmt":"2025-10-28T07:17:15","slug":"podcast-der-polizei-sicher-zur-schule-vorderpfalz","status":"publish","type":"post","link":"https:\/\/www.europesays.com\/de\/532356\/","title":{"rendered":"Podcast der Polizei: Sicher zur Schule &#8211; Vorderpfalz"},"content":{"rendered":"<p><b\/>Zum Ende der Herbstferien startet das Polizeipr\u00e4sidium Rheinpfalz mit einem neuen Angebot f\u00fcr Grundschulkinder: Der Podcast \u201eSicher zur Schule!\u201c vermittelt auf kindgerechte Weise, wie der t\u00e4gliche Schulweg sicher gemeistert werden kann \u2013 ob zu Fu\u00df, mit dem Fahrrad, im Bus oder im Auto. In einem lebendigen Dialog zwischen Michael Lerch, Leiter des Sachbereichs \u201eZentrale Pr\u00e4vention\u201c, und der zw\u00f6lfj\u00e4hrigen Fiona werden die wichtigsten Verkehrsregeln erkl\u00e4rt. Dazu geh\u00f6ren der \u201eStopp-Links-Rechts-Links\u201c-Check, das Tragen eines Helms, die Bedeutung von Sichtbarkeit sowie das richtige Verhalten an Zebrastreifen, Ampeln und im toten Winkel. Kurze Mitmach-Momente und ein Mini-Quiz laden die Kinder zum Ausprobieren ein. \u201eWir wollen Kinder auf Augenh\u00f6he erreichen, ihnen praktische Merks\u00e4tze an die Hand geben und Sicherheit zur Gewohnheit machen\u201c, betont Lerch. Der Podcast ist ab sofort online verf\u00fcgbar unter https:\/\/www.youtube.com\/watch?v=xhxA_UxSEnQ. <\/p>\n","protected":false},"excerpt":{"rendered":"Zum Ende der Herbstferien startet das Polizeipr\u00e4sidium Rheinpfalz mit einem neuen Angebot f\u00fcr Grundschulkinder: Der Podcast \u201eSicher zur&hellip;\n","protected":false},"author":2,"featured_media":532357,"comment_status":"","ping_status":"","sticky":false,"template":"","format":"standard","meta":{"footnotes":""},"categories":[1845],"tags":[11999,1634,3364,29,548,663,3934,30,13,4060,2096,130759,14,15,121,11413,30446,12,44980],"class_list":{"0":"post-532356","1":"post","2":"type-post","3":"status-publish","4":"format-standard","5":"has-post-thumbnail","7":"category-mannheim","8":"tag-herbstferien","9":"tag-baden-wuerttemberg","10":"tag-de","11":"tag-deutschland","12":"tag-eu","13":"tag-europa","14":"tag-europe","15":"tag-germany","16":"tag-headlines","17":"tag-lokal","18":"tag-mannheim","19":"tag-michael-lerch","20":"tag-nachrichten","21":"tag-news","22":"tag-polizei","23":"tag-polizeipraesidium","24":"tag-rheinpfalz","25":"tag-schlagzeilen","26":"tag-vorderpfalz"},"share_on_mastodon":{"url":"https:\/\/pubeurope.com\/@de\/115450573337023743","error":""},"_links":{"self":[{"href":"https:\/\/www.europesays.com\/de\/wp-json\/wp\/v2\/posts\/532356","targetHints":{"allow":["GET"]}}],"collection":[{"href":"https:\/\/www.europesays.com\/de\/wp-json\/wp\/v2\/posts"}],"about":[{"href":"https:\/\/www.europesays.com\/de\/wp-json\/wp\/v2\/types\/post"}],"author":[{"embeddable":true,"href":"https:\/\/www.europesays.com\/de\/wp-json\/wp\/v2\/users\/2"}],"replies":[{"embeddable":true,"href":"https:\/\/www.europesays.com\/de\/wp-json\/wp\/v2\/comments?post=532356"}],"version-history":[{"count":0,"href":"https:\/\/www.europesays.com\/de\/wp-json\/wp\/v2\/posts\/532356\/revisions"}],"wp:featuredmedia":[{"embeddable":true,"href":"https:\/\/www.europesays.com\/de\/wp-json\/wp\/v2\/media\/532357"}],"wp:attachment":[{"href":"https:\/\/www.europesays.com\/de\/wp-json\/wp\/v2\/media?parent=532356"}],"wp:term":[{"taxonomy":"category","embeddable":true,"href":"https:\/\/www.europesays.com\/de\/wp-json\/wp\/v2\/categories?post=532356"},{"taxonomy":"post_tag","embeddable":true,"href":"https:\/\/www.europesays.com\/de\/wp-json\/wp\/v2\/tags?post=532356"}],"curies":[{"name":"wp","href":"https:\/\/api.w.org\/{rel}","templated":true}]}}