{"id":533921,"date":"2025-10-28T22:25:11","date_gmt":"2025-10-28T22:25:11","guid":{"rendered":"https:\/\/www.europesays.com\/de\/533921\/"},"modified":"2025-10-28T22:25:11","modified_gmt":"2025-10-28T22:25:11","slug":"brigitte-macron-zieht-gegen-rechtsextreme-trans-luege-vor-gericht","status":"publish","type":"post","link":"https:\/\/www.europesays.com\/de\/533921\/","title":{"rendered":"Brigitte Macron zieht gegen rechtsextreme Trans-L\u00fcge vor Gericht"},"content":{"rendered":"<p>                    Mobbing belastet Gesundheit<br \/>\n                Brigitte Macron wehrt sich gegen Trans-L\u00fcge vor Gericht<\/p>\n<p>\t\t\t\t              28.10.2025, 21:23 Uhr<\/p>\n<p><strong>Ob als US-Pr\u00e4sidentschaftskandidatin, Neuseelands Regierungschefin oder Frankreichs First Lady: Immer wieder werden gegen einflussreiche Frauen Ger\u00fcchte in die Welt gesetzt, sie seien M\u00e4nner. Brigitte Macron wehrt sich nicht zum ersten Mal vor Gericht dagegen. Angeklagt sind rechte Hetzer.<\/strong><\/p>\n<p>Wegen Cybermobbings von Frankreichs First Lady Brigitte Macron stehen in Paris acht M\u00e4nner und zwei Frauen vor Gericht. Den Angeklagten werden zahlreiche b\u00f6swillige \u00c4u\u00dferungen \u00fcber das Geschlecht der Pr\u00e4sidentengattin sowie \u00fcber den Altersunterschied zu Emmanuel Macron vorgeworfen, wie die Staatsanwaltschaft mitteilte. Dabei sei teils selbst von P\u00e4dophilie gesprochen worden.<\/p>\n<p>Hintergrund ist die schon seit der Wahl von Macron ins Pr\u00e4sidentenamt 2017 in den sozialen Medien kursierende Verschw\u00f6rungserz\u00e4hlung, wonach Brigitte Macron eine Transfrau sei und als Mann geboren worden sein soll. Sie wird seither in erster Linie von rechtsextremen und regierungsfeindlichen Kreisen gestreut. Das Pr\u00e4sidenten-Ehepaar ging dagegen schon fr\u00fcher, auch international, gerichtlich vor.<\/p>\n<p>\u00c4hnliche Behauptungen waren auch \u00fcber die ehemalige First Lady der USA, Michelle Obama, die ehemalige US-Pr\u00e4sidentschaftskandidatin Kamala Harris und die neuseel\u00e4ndische Regierungschefin Jacinda Ardern verbreitet worden. \u00dcber den franz\u00f6sischen Pr\u00e4sidenten Macron war mehrfach das Ger\u00fccht verbreitet worden, er sei homosexuell.<\/p>\n<p>Tochter: Gesundheit durch Mobbing verschlechtert<\/p>\n<p>Brigitte Macron hatte bereits im August 2024 Anzeige wegen Cybermobbings erstattet, woraufhin die Ermittler die Verd\u00e4chtigen vorl\u00e4ufig festnahmen. Insgesamt zwei Verhandlungstage umfasst das Verfahren. Weder die Ehefrau noch der franz\u00f6sische Pr\u00e4sident werden im Gerichtssaal erwartet.<\/p>\n<p>Den Angeklagten drohen bis zu zwei Jahre Haft. Zu ihnen geh\u00f6ren ein in Frankreich bekannter Verschw\u00f6rungstheoretiker sowie eine Frau, die sich als Medium und Werbefachfrau ausgibt und deren X-Konto inzwischen gesperrt wurde. Sie wird als ma\u00dfgeblich beteiligt an der Verbreitung des Ger\u00fcchts angesehen.<\/p>\n<p>Vor Gericht schilderte ihre Tochter, Tiphaine Auzi\u00e8re, wie die st\u00e4ndigen Bel\u00e4stigungen ihrer Mutter gesundheitlich zu schaffen mache. Macron m\u00fcsse in der \u00d6ffentlichkeit &#8222;st\u00e4ndig auf ihre Kleidung und ihre Haltung achten&#8220;, schilderte Auzi\u00e8re. Sie wisse, dass Foto- und Filmaufnahmen von ihr jederzeit ver\u00e4ndert und ausgeschlachtet werden k\u00f6nnten.<\/p>\n","protected":false},"excerpt":{"rendered":"Mobbing belastet Gesundheit Brigitte Macron wehrt sich gegen Trans-L\u00fcge vor Gericht 28.10.2025, 21:23 Uhr Ob als US-Pr\u00e4sidentschaftskandidatin, Neuseelands&hellip;\n","protected":false},"author":2,"featured_media":533922,"comment_status":"","ping_status":"","sticky":false,"template":"","format":"standard","meta":{"footnotes":""},"categories":[3],"tags":[1356,13,984,5473,14,15,505,12,10,8,9,11,5792,103,104],"class_list":{"0":"post-533921","1":"post","2":"type-post","3":"status-publish","4":"format-standard","5":"has-post-thumbnail","7":"category-welt","8":"tag-emmanuel-macron","9":"tag-headlines","10":"tag-international","11":"tag-mobbing","12":"tag-nachrichten","13":"tag-news","14":"tag-prozesse","15":"tag-schlagzeilen","16":"tag-top-news","17":"tag-top-meldungen","18":"tag-topmeldungen","19":"tag-topnews","20":"tag-verschwoerungstheorien","21":"tag-welt","22":"tag-world"},"share_on_mastodon":{"url":"https:\/\/pubeurope.com\/@de\/115454143648169003","error":""},"_links":{"self":[{"href":"https:\/\/www.europesays.com\/de\/wp-json\/wp\/v2\/posts\/533921","targetHints":{"allow":["GET"]}}],"collection":[{"href":"https:\/\/www.europesays.com\/de\/wp-json\/wp\/v2\/posts"}],"about":[{"href":"https:\/\/www.europesays.com\/de\/wp-json\/wp\/v2\/types\/post"}],"author":[{"embeddable":true,"href":"https:\/\/www.europesays.com\/de\/wp-json\/wp\/v2\/users\/2"}],"replies":[{"embeddable":true,"href":"https:\/\/www.europesays.com\/de\/wp-json\/wp\/v2\/comments?post=533921"}],"version-history":[{"count":0,"href":"https:\/\/www.europesays.com\/de\/wp-json\/wp\/v2\/posts\/533921\/revisions"}],"wp:featuredmedia":[{"embeddable":true,"href":"https:\/\/www.europesays.com\/de\/wp-json\/wp\/v2\/media\/533922"}],"wp:attachment":[{"href":"https:\/\/www.europesays.com\/de\/wp-json\/wp\/v2\/media?parent=533921"}],"wp:term":[{"taxonomy":"category","embeddable":true,"href":"https:\/\/www.europesays.com\/de\/wp-json\/wp\/v2\/categories?post=533921"},{"taxonomy":"post_tag","embeddable":true,"href":"https:\/\/www.europesays.com\/de\/wp-json\/wp\/v2\/tags?post=533921"}],"curies":[{"name":"wp","href":"https:\/\/api.w.org\/{rel}","templated":true}]}}