{"id":534194,"date":"2025-10-29T01:03:26","date_gmt":"2025-10-29T01:03:26","guid":{"rendered":"https:\/\/www.europesays.com\/de\/534194\/"},"modified":"2025-10-29T01:03:26","modified_gmt":"2025-10-29T01:03:26","slug":"claudia-obert-turtelte-mit-reality-tv-star-bei-leipziger-opernball-unterhaltung","status":"publish","type":"post","link":"https:\/\/www.europesays.com\/de\/534194\/","title":{"rendered":"Claudia Obert turtelte mit Reality-TV-Star bei Leipziger Opernball | Unterhaltung"},"content":{"rendered":"<p>Leipzig \u2013 <b>Dass Claudia Obert gerne mit j\u00fcngeren M\u00e4nnern turtelt, ist kein Geheimnis. Dieser Mann an ihrer Seite aber schon! Beim Leipziger Opernball tauchte die TV-Lady mit einem geheimnisvollen Herrn an ihrer Seite auf. BILD wei\u00df inzwischen, um wen es sich dabei handelt \u2013 er ist frisch getrennt und parallel noch mit seiner Ex im TV zu sehen.<\/b><\/p>\n<p>Es ist <a href=\"https:\/\/www.bild.de\/unterhaltung\/tv-fernsehformate\/sommerhaus-der-stars-sarah-joelle-jahnel-trennt-sich-von-ersin-wegen-affaeren-68e76c6114154520ea137ed4\" class=\"text-link\" target=\"_blank\" rel=\"noopener\">Ersin B\u00f6rekci<\/a> \u2013 der aktuell neben Ex-Freundin <a href=\"https:\/\/www.bild.de\/themen\/personen\/sarah-joelle-jahnel\/unterhaltung-nachrichten-news-fotos-videos-29571744.bild.html\" class=\"text-link\" target=\"_blank\" rel=\"noopener\">Sarah Joelle Jahnel<\/a> im \u201e<a href=\"https:\/\/www.bild.de\/unterhaltung\/tv\/sommerhaus-der-stars\/sommerhaus-der-stars-alle-infos-76953850.bild.html\" class=\"text-link\" target=\"_blank\" rel=\"noopener\">Sommerhaus der Stars<\/a>\u201c bei RTL (dienstags, 20.15 Uhr) zu sehen ist. Das Format ist aufgezeichnet, beim Dreh waren sie noch zusammen, <a href=\"https:\/\/www.bild.de\/unterhaltung\/tv-fernsehformate\/sommerhaus-der-stars-sarah-joelle-jahnel-trennt-sich-von-ersin-wegen-affaeren-68e76c6114154520ea137ed4\" class=\"text-link\" target=\"_blank\" rel=\"noopener\">trennten sich aber nach der Show<\/a>.<\/p>\n<p><img decoding=\"async\" width=\"992\" height=\"558\" alt=\"Ersin B\u00f6rekci (37) ist aktuell noch neben Ex-Freundin Sarah Joelle Jahnel (35)\" src=\"https:\/\/www.europesays.com\/de\/wp-content\/uploads\/2025\/10\/af436c1cfffeeb72aecbdfdb0e80f654,f867bc5d\"   class=\"landscape\" loading=\"lazy\"\/><\/p>\n<p class=\"fig__caption__text\">Ersin B\u00f6rekci (37) ist aktuell neben Ex-Freundin Sarah Joelle Jahnel (36) im\u00a0\u201eSommerhaus der Stars\u201c zu sehen<\/p>\n<p>Foto: RTL<\/p>\n<p>L\u00e4uft da jetzt etwa was mit <a href=\"https:\/\/www.bild.de\/unterhaltung\/stars-und-leute\/opernball-claudia-obert-kommt-ohne-freund-max-dafuer-mit-blind-date-68ff3616c008edcf0c854af1\" class=\"text-link\" target=\"_blank\" rel=\"noopener\">Claudia Obert<\/a>? <a href=\"https:\/\/www.bild.de\/unterhaltung\/tv-fernsehformate\/sommerhaus-der-stars-sarah-joelle-jahnel-trennt-sich-von-ersin-wegen-affaeren-68e76c6114154520ea137ed4\" class=\"text-link\" target=\"_blank\" rel=\"noopener\">Ersin<\/a> zu BILD: \u201eNein, wir sind kein Paar. Wir haben uns nur zuf\u00e4llig in der Hotellobby getroffen, weil wir im selben Hotel gebucht hatten. Dort war auch Verena Kerth (44), die ich schon l\u00e4nger kenne, die hat uns vorgestellt.\u201c<\/p>\n<p>\u201eSommerhaus\u201c-Star kannte Claudia Obert vorher nicht<\/p>\n<p>Er habe \u00fcberhaupt nicht gewusst, wer Obert ist, sagt Ersin. \u201eSie war nett, hatte keine Begleitung und wirkte auf mich zerbrechlich. Deshalb habe ich ihr angeboten, sie auf den Opernball zu begleiten.\u201c So, so \u2013 da macht also einer auf Gentleman.<\/p>\n<p>Obert, <a href=\"https:\/\/www.bild.de\/regional\/frankfurt\/frankfurt-leute\/das-schenkt-claudia-ihrem-max-zum-geburtstag-ekstatischer-sex-mit-vielen-frauen-84274998.bild.html\" class=\"text-link\" target=\"_blank\" rel=\"noopener\">die bekanntlich seit rund vier Jahren eine offene Beziehung mit Max Suhr f\u00fchrt<\/a>, sagte BILD zu dem Treffen: \u201eDer junge Mann stand da herum und hatte nur eine Flanierkarte. Ich hatte noch eine Karte \u00fcbrig, da hab ich gesagt: \u201aDen finde ich ganz schnuckelig, den nehm ich mit!\u2018\u201c Auch sie wusste also scheinbar nicht, dass sie sich da einen TV-Kollegen angelacht h\u00e4tte.<\/p>\n<p><img decoding=\"async\" width=\"992\" height=\"1178\" alt=\"Seit rund vier Jahren sind Max Suhr (27) und Claudia Obert (63) ein Paar. Sie f\u00fchren nach eigenen Angaben eine offene Beziehung\" src=\"https:\/\/www.europesays.com\/de\/wp-content\/uploads\/2025\/10\/843af3a5c3aaa6bb9b134c8c0e548b86,1197b63\"   class=\"portrait\" loading=\"lazy\"\/><\/p>\n<p class=\"fig__caption__text\">Seit rund vier Jahren sind Max Suhr (27) und Claudia Obert ein Paar. Sie f\u00fchren nach eigenen Angaben eine offene Beziehung<\/p>\n<p>Foto: Stephan Wallocha<\/p>\n<p>Die Anziehung sei schnell verflogen. \u201eDer war zu sch\u00fcchtern und trug auch keine Socken in seinen Lackschuhen, das geht gar nicht\u201c, sagte Obert. \u201eDanach habe ich ihn auch nicht mehr wiedergesehen. Aus den Augen, aus dem Sinn!\u201c<\/p>\n<p>Das war offenbar ganz in Ersins Sinne. \u201eIch habe gerade erst die Trennung und die sehr schwierige Beziehung mit Sarah Joelle hinter mir, ich m\u00f6chte aktuell gar nichts Neues anfangen\u201c, so Ersin.<\/p>\n<p>Mehr zum Thema<\/p>\n<p>Seine Promi-Ex glaubt allerdings, in dem Auftritt eine Masche zu erkennen. Sarah Joelle sagte BILD: \u201eDass Ersin jetzt mit Verena Kerth und Claudia Obert ruml\u00e4uft, zeigt mir, wie sehr der in die \u00d6ffentlichkeit dr\u00e4ngt. Er wollte auch \u00fcber mich ins Reality-TV.\u201c<\/p>\n<p>Das streitet Ersin allerdings ab: \u201eDas war wirklich nur ein Zufall\u201c. Vom TV brauche er auch \u201eerst mal\u201c eine Pause. \u201eVor allem P\u00e4rchenformate m\u00fcssen f\u00fcr mich wirklich nicht mehr sein.\u201c<\/p>\n","protected":false},"excerpt":{"rendered":"Leipzig \u2013 Dass Claudia Obert gerne mit j\u00fcngeren M\u00e4nnern turtelt, ist kein Geheimnis. Dieser Mann an ihrer Seite&hellip;\n","protected":false},"author":2,"featured_media":534195,"comment_status":"","ping_status":"","sticky":false,"template":"","format":"standard","meta":{"footnotes":""},"categories":[1776],"tags":[1801,29,214,30,125885,71,79481,1802,9812,45,215],"class_list":{"0":"post-534194","1":"post","2":"type-post","3":"status-publish","4":"format-standard","5":"has-post-thumbnail","7":"category-prominente","8":"tag-celebrities","9":"tag-deutschland","10":"tag-entertainment","11":"tag-germany","12":"tag-jahnel-sarah-joelle","13":"tag-leipzig","14":"tag-obert-claudia","15":"tag-prominente","16":"tag-sommerhaus-der-stars","17":"tag-texttospeech","18":"tag-unterhaltung"},"share_on_mastodon":{"url":"https:\/\/pubeurope.com\/@de\/115454765014448658","error":""},"_links":{"self":[{"href":"https:\/\/www.europesays.com\/de\/wp-json\/wp\/v2\/posts\/534194","targetHints":{"allow":["GET"]}}],"collection":[{"href":"https:\/\/www.europesays.com\/de\/wp-json\/wp\/v2\/posts"}],"about":[{"href":"https:\/\/www.europesays.com\/de\/wp-json\/wp\/v2\/types\/post"}],"author":[{"embeddable":true,"href":"https:\/\/www.europesays.com\/de\/wp-json\/wp\/v2\/users\/2"}],"replies":[{"embeddable":true,"href":"https:\/\/www.europesays.com\/de\/wp-json\/wp\/v2\/comments?post=534194"}],"version-history":[{"count":0,"href":"https:\/\/www.europesays.com\/de\/wp-json\/wp\/v2\/posts\/534194\/revisions"}],"wp:featuredmedia":[{"embeddable":true,"href":"https:\/\/www.europesays.com\/de\/wp-json\/wp\/v2\/media\/534195"}],"wp:attachment":[{"href":"https:\/\/www.europesays.com\/de\/wp-json\/wp\/v2\/media?parent=534194"}],"wp:term":[{"taxonomy":"category","embeddable":true,"href":"https:\/\/www.europesays.com\/de\/wp-json\/wp\/v2\/categories?post=534194"},{"taxonomy":"post_tag","embeddable":true,"href":"https:\/\/www.europesays.com\/de\/wp-json\/wp\/v2\/tags?post=534194"}],"curies":[{"name":"wp","href":"https:\/\/api.w.org\/{rel}","templated":true}]}}