{"id":534251,"date":"2025-10-29T01:43:16","date_gmt":"2025-10-29T01:43:16","guid":{"rendered":"https:\/\/www.europesays.com\/de\/534251\/"},"modified":"2025-10-29T01:43:16","modified_gmt":"2025-10-29T01:43:16","slug":"thyssenkrupp-trennt-sich-offenbar-von-stahlchef-dennis-grimm","status":"publish","type":"post","link":"https:\/\/www.europesays.com\/de\/534251\/","title":{"rendered":"Thyssenkrupp trennt sich offenbar von Stahlchef Dennis Grimm"},"content":{"rendered":"<p class=\"richtext text-em-55 !leading-serif mx-6 desktop:mx-0\">Der 46-j\u00e4hrige Manager verlasse den Konzern, sagten zwei mit der Angelegenheit vertraute Personen am Dienstag der Nachrichtenagentur Reuters. Die \u201eBild\u201c-Zeitung hatte zuvor berichtet, Hintergrund seien Differenzen mit Konzernchef Miguel Lopez \u00fcber die Strategie. Thyssenkrupp und Thyssenkrupp Steel Europe wollten sich dazu nicht \u00e4u\u00dfern. Damit bleibt die k\u00fcnftige F\u00fchrung des gr\u00f6\u00dften deutschen Stahlkonzerns offen.<\/p>\n","protected":false},"excerpt":{"rendered":"Der 46-j\u00e4hrige Manager verlasse den Konzern, sagten zwei mit der Angelegenheit vertraute Personen am Dienstag der Nachrichtenagentur Reuters.&hellip;\n","protected":false},"author":2,"featured_media":534252,"comment_status":"","ping_status":"","sticky":false,"template":"","format":"standard","meta":{"footnotes":""},"categories":[3933],"tags":[331,332,548,663,158,3934,3935,53647,13,111979,1025,4460,51181,1599,14,15,3186,12,131104,131105,8274,779],"class_list":{"0":"post-534251","1":"post","2":"type-post","3":"status-publish","4":"format-standard","5":"has-post-thumbnail","7":"category-eu","8":"tag-aktuelle-nachrichten","9":"tag-aktuelle-news","10":"tag-eu","11":"tag-europa","12":"tag-europaeische-union","13":"tag-europe","14":"tag-european-union","15":"tag-grimm","16":"tag-headlines","17":"tag-jindal","18":"tag-konzern","19":"tag-konzernchef","20":"tag-lopez","21":"tag-mutterkonzern","22":"tag-nachrichten","23":"tag-news","24":"tag-reuters","25":"tag-schlagzeilen","26":"tag-stahlchef","27":"tag-stahlkonzerns","28":"tag-steel","29":"tag-thyssenkrupp"},"share_on_mastodon":{"url":"https:\/\/pubeurope.com\/@de\/115454923125207434","error":""},"_links":{"self":[{"href":"https:\/\/www.europesays.com\/de\/wp-json\/wp\/v2\/posts\/534251","targetHints":{"allow":["GET"]}}],"collection":[{"href":"https:\/\/www.europesays.com\/de\/wp-json\/wp\/v2\/posts"}],"about":[{"href":"https:\/\/www.europesays.com\/de\/wp-json\/wp\/v2\/types\/post"}],"author":[{"embeddable":true,"href":"https:\/\/www.europesays.com\/de\/wp-json\/wp\/v2\/users\/2"}],"replies":[{"embeddable":true,"href":"https:\/\/www.europesays.com\/de\/wp-json\/wp\/v2\/comments?post=534251"}],"version-history":[{"count":0,"href":"https:\/\/www.europesays.com\/de\/wp-json\/wp\/v2\/posts\/534251\/revisions"}],"wp:featuredmedia":[{"embeddable":true,"href":"https:\/\/www.europesays.com\/de\/wp-json\/wp\/v2\/media\/534252"}],"wp:attachment":[{"href":"https:\/\/www.europesays.com\/de\/wp-json\/wp\/v2\/media?parent=534251"}],"wp:term":[{"taxonomy":"category","embeddable":true,"href":"https:\/\/www.europesays.com\/de\/wp-json\/wp\/v2\/categories?post=534251"},{"taxonomy":"post_tag","embeddable":true,"href":"https:\/\/www.europesays.com\/de\/wp-json\/wp\/v2\/tags?post=534251"}],"curies":[{"name":"wp","href":"https:\/\/api.w.org\/{rel}","templated":true}]}}