{"id":534509,"date":"2025-10-29T04:19:30","date_gmt":"2025-10-29T04:19:30","guid":{"rendered":"https:\/\/www.europesays.com\/de\/534509\/"},"modified":"2025-10-29T04:19:30","modified_gmt":"2025-10-29T04:19:30","slug":"dfb-pokal-pokal-aus-gegen-bochum-krise-von-sandro-wagner-immer-schlimmer-fussball","status":"publish","type":"post","link":"https:\/\/www.europesays.com\/de\/534509\/","title":{"rendered":"DFB-Pokal: Pokal-Aus gegen Bochum \u2013\u00a0Krise von Sandro Wagner immer schlimmer! | Fu\u00dfball"},"content":{"rendered":"<p><b>Die erste echte Krise in der Augsburg-\u00c4ra von Trainer Sandro Wagner (37) spitzt sich weiter zu!<\/b><\/p>\n<p>Der FCA unterliegt Bochum mit 0:1 und scheidet damit bereits in der zweiten Runde des DFB-Pokals aus.<\/p>\n<p><b>Wagners ern\u00fcchternde Bilanz nach zehn Pflichtspielen dieser Saison: sechs Niederlagen und schon 21 Gegentore!<\/b><\/p>\n<p>Selbst gegen den Vorletzten der 2. Bundesliga kassiert Augsburgs Abwehr, die bislang die schw\u00e4chste der Liga ist, erneut ein Gegentor.<\/p>\n<p><b>39. Minute: <\/b>Top-Konter von Bochum. \u00dcber Onyeka und Alfa-Ruprecht kommt die Kugel zu Holtmann. Dessen flacher Abschluss wird von Matsima leicht abgef\u00e4lscht \u2013 1:0 f\u00fcr den VfL!<\/p>\n<p>Mehr zum Thema<\/p>\n<p><b>Zu diesem Zeitpunkt muss die <\/b><a href=\"https:\/\/sportbild.bild.de\/fussball\/1-bundesliga\/das-wort-zum-spieltag-wagners-sprueche-sind-schlecht-gealtert-68fcf89ce2638db7235e41e7\" class=\"text-link\" rel=\"nofollow noopener\" target=\"_blank\"><b>Wagner<\/b><\/a><b>-Truppe eigentlich f\u00fchren. Aber der FCA hat gleich doppeltes Latten-Pech. Wolf und Gharbi scheitern binnen Sekunden am Geb\u00e4lk.<\/b><\/p>\n<p>Nach der Pause stellt sich Bochum kompakt hinten rein, \u00fcberl\u00e4sst Augsburg den Ball. Echte Torchancen sehen die 20.280 Zuschauer in der WWK-Arena (Platz f\u00fcr 30.660 Fans) nicht.<\/p>\n<p><b>Erst ein Standard sorgt f\u00fcr Gefahr: Claude-Maurice hebt einen Freisto\u00df aus knapp 20 Metern gef\u00fchlvoll \u00fcber die Mauer. Horn kann auf der Linie mit etwas Gl\u00fcck gerade so kl\u00e4ren (82.). <\/b><\/p>\n<p>Im Anschluss MUSS Bochum das 2:0 machen, als Obafemi allein auf Labrovic zul\u00e4uft. Aber der Torwart h\u00e4lt stark. <\/p>\n<p><b>Trotzdem bleibt es bei der Pleite. Wie bereits in der zweiten Cup-Runde der Saison 2021\/22 (damals im Elfmeterschie\u00dfen) scheitert der <\/b><a href=\"https:\/\/sportbild.bild.de\/bundesliga\/vereine\/fc-augsburg\/home-33283636.sport.html\" class=\"text-link\" rel=\"nofollow noopener\" target=\"_blank\"><b>FCA<\/b><\/a><b> an Bochum. <\/b><\/p>\n<p>Um seinen Job f\u00fcrchten muss Wagner aber auch nach der Pokal-Pleite NICHT!<\/p>\n<p>Boss-Einlauf enth\u00fcllt: Weil Karl DAS machte<a class=\"anchor video-teaser__anchor\" href=\"https:\/\/sportbild.bild.de\/fussball\/1-bundesliga\/boss-einlauf-enthuellt-weil-karl-das-machte-6900f60a59e2e0975070e803\" rel=\"nofollow noopener\" target=\"_blank\"><img decoding=\"async\" width=\"992\" height=\"558\" alt=\"Teaser-Bild\" src=\"https:\/\/www.europesays.com\/de\/wp-content\/uploads\/2025\/10\/a19f592a0ce36643bd65ca4895dae201-landscape,2c05413a\"   class=\"landscape teaser__image\" loading=\"lazy\"\/><\/a><\/p>\n<p>Quelle: BILD\/ DFL28.10.2025<\/p>\n<p><b>Bereits am Sonntag hatte BILD berichtet, dass die FCA-Verantwortlichen um Sportdirektor Benjamin Weber (42) und Gesch\u00e4ftsf\u00fchrer Michael Str\u00f6ll (41) dem Wagner-Weg eisern vertrauen. Dabei bleibt es auch jetzt.<\/b><\/p>\n<p>Fakt ist aber auch: Ein Ende der Wagner-Krise ist mit Blick auf das Programm bis zur n\u00e4chsten L\u00e4nderspielpause (Spiele gegen den BVB und Stuttgart) nicht wirklich in Sicht.<\/p>\n<p><b>Im Gegenteil: Es droht noch viel schlimmer zu werden.<\/b><\/p>\n","protected":false},"excerpt":{"rendered":"Die erste echte Krise in der Augsburg-\u00c4ra von Trainer Sandro Wagner (37) spitzt sich weiter zu! Der FCA&hellip;\n","protected":false},"author":2,"featured_media":534510,"comment_status":"","ping_status":"","sticky":false,"template":"","format":"standard","meta":{"footnotes":""},"categories":[1839],"tags":[7507,3364,29,538,49571,347,30,9662,1209,45,1261,8173,27444],"class_list":{"0":"post-534509","1":"post","2":"type-post","3":"status-publish","4":"format-standard","5":"has-post-thumbnail","7":"category-bochum","8":"tag-bochum","9":"tag-de","10":"tag-deutschland","11":"tag-erste-bundesliga","12":"tag-fc-augsburg-1907","13":"tag-fussball","14":"tag-germany","15":"tag-no-sport-app","16":"tag-nordrhein-westfalen","17":"tag-texttospeech","18":"tag-toralarm-top-news","19":"tag-vfl-bochum","20":"tag-wagner-sandro"},"share_on_mastodon":{"url":"https:\/\/pubeurope.com\/@de\/115455536174260664","error":""},"_links":{"self":[{"href":"https:\/\/www.europesays.com\/de\/wp-json\/wp\/v2\/posts\/534509","targetHints":{"allow":["GET"]}}],"collection":[{"href":"https:\/\/www.europesays.com\/de\/wp-json\/wp\/v2\/posts"}],"about":[{"href":"https:\/\/www.europesays.com\/de\/wp-json\/wp\/v2\/types\/post"}],"author":[{"embeddable":true,"href":"https:\/\/www.europesays.com\/de\/wp-json\/wp\/v2\/users\/2"}],"replies":[{"embeddable":true,"href":"https:\/\/www.europesays.com\/de\/wp-json\/wp\/v2\/comments?post=534509"}],"version-history":[{"count":0,"href":"https:\/\/www.europesays.com\/de\/wp-json\/wp\/v2\/posts\/534509\/revisions"}],"wp:featuredmedia":[{"embeddable":true,"href":"https:\/\/www.europesays.com\/de\/wp-json\/wp\/v2\/media\/534510"}],"wp:attachment":[{"href":"https:\/\/www.europesays.com\/de\/wp-json\/wp\/v2\/media?parent=534509"}],"wp:term":[{"taxonomy":"category","embeddable":true,"href":"https:\/\/www.europesays.com\/de\/wp-json\/wp\/v2\/categories?post=534509"},{"taxonomy":"post_tag","embeddable":true,"href":"https:\/\/www.europesays.com\/de\/wp-json\/wp\/v2\/tags?post=534509"}],"curies":[{"name":"wp","href":"https:\/\/api.w.org\/{rel}","templated":true}]}}