{"id":534881,"date":"2025-10-29T07:57:21","date_gmt":"2025-10-29T07:57:21","guid":{"rendered":"https:\/\/www.europesays.com\/de\/534881\/"},"modified":"2025-10-29T07:57:21","modified_gmt":"2025-10-29T07:57:21","slug":"italiens-nationalteam-in-berlin-hanning-testet-mit-fuechse-power-fuer-die-em-sportmix","status":"publish","type":"post","link":"https:\/\/www.europesays.com\/de\/534881\/","title":{"rendered":"Italiens Nationalteam in Berlin: Hanning testet mit F\u00fcchse-Power f\u00fcr die EM | Sportmix"},"content":{"rendered":"<p><b>Er f\u00fchrte Italiens Handballer erstmals seit 1998 wieder zu einer EM. <\/b><\/p>\n<p><b>Damit sich sein Team im Januar bei den <\/b><a href=\"https:\/\/sportbild.bild.de\/sportmix\/handball\/handball\/home-49760070.sport.html\" class=\"text-link\" target=\"_blank\" rel=\"noopener\"><b>Handball-Europameisterschaften<\/b><\/a><b> in D\u00e4nemark, Norwegen und Schweden (ab 13.1.)  gut verkauft, hat Trainer Bob Hanning (57), eigentlich Gesch\u00e4ftsf\u00fchrer der <\/b><a href=\"https:\/\/sportbild.bild.de\/sportmix\/handball\/handball\/home-49760070.sport.html\" class=\"text-link\" target=\"_blank\" rel=\"noopener\"><b>F\u00fcchse Berlin<\/b><\/a><b>, seine italienische <\/b><a href=\"https:\/\/sportbild.bild.de\/sportmix\/handball\/handball\/home-49760070.sport.html\" class=\"text-link\" target=\"_blank\" rel=\"noopener\"><b>Nationalmannschaft <\/b><\/a><b>zu einem Kurztrainingslager nach Berlin eingeladen. Dort, wo der deutsche Meister trainiert.<\/b><\/p>\n<p>Mit der F\u00fcchse-Power zur EM.<\/p>\n<p>Da fehlen die Worte: Welt-Handballer mit unfassbarem Treffer<a class=\"anchor video-teaser__anchor\" href=\"https:\/\/sportbild.bild.de\/sportmix\/handball\/da-fehlen-die-worte-welt-handballer-mit-unfassbarem-treffer-68f8b0b0c008edcf0c84ff15\" target=\"_blank\" rel=\"noopener\"><img decoding=\"async\" width=\"992\" height=\"558\" alt=\"Teaser-Bild\" src=\"https:\/\/www.europesays.com\/de\/wp-content\/uploads\/2025\/10\/56fbaa84909d97d17109c106da14d5fd-landscape,78f51b31\"   class=\"landscape teaser__image\" loading=\"lazy\"\/><\/a><\/p>\n<p>Quelle: DYN22.10.2025<\/p>\n<p>Hanning zu SPORTBILD: \u201eIch bin froh, dass ich die Jungs alle mal hier in Berlin habe. Am Ende unseres Trainingslagers steht ein Testspiel gegen Frankreich in Pau an.\u201c <\/p>\n<p><b>Hanning erkl\u00e4rt wie es dazu kam: \u201eIch habe meinen ehemaligen Spieler Guillaume Gille aus Hamburger Zeiten angerufen, der ist ja schon einige Zeit Nationaltrainer der Franzosen und er hat sofort zugesagt. Eigentlich h\u00e4tte er gern zwei Testspiele gegen uns gemacht, aber ich brauche die Zeit mit den Jungs zum Training. Bis zur EM ist noch einiges zu tun.\u201c<\/b><\/p>\n<p><a class=\"article-image__anchor\" href=\"https:\/\/www.dyn.sport\/sport_handball\" target=\"_blank\" rel=\"noopener\"><img decoding=\"async\" width=\"992\" height=\"84\" alt=\"Teaser-Bild\" src=\"https:\/\/www.europesays.com\/de\/wp-content\/uploads\/2025\/10\/b3b848c06cf3a9d3b03f0628d9ae8e24,bea79a1\"   class=\"dynamic\" loading=\"lazy\"\/><\/a><\/p>\n<p>Foto: BILD<\/p>\n<p>Doch bei allem Training darf der Spa\u00df nicht zu kurz kommen. Hanning: \u201eJa, wir m\u00fcssen und wollen uns verbessern, aber ich habe dabei auch immer die italienische Mentalit\u00e4t im Auge, die ich nat\u00fcrlich nicht ver\u00e4ndern m\u00f6chte. Familie und der Teamzusammenhalt sind ihnen sehr wichtig.\u201c<\/p>\n<p><img decoding=\"async\" width=\"992\" height=\"558\" alt=\"Die Italiener beim Training in der F\u00fcchse-Halle: Hier mit Davide Bulzamini und Gabriele Sontacchi (gr\u00fcnes Hemd), bed\" src=\"https:\/\/www.europesays.com\/de\/wp-content\/uploads\/2025\/10\/30679e61f99494141f8eefd8d1bb08d8,cd722222\"   class=\"landscape\" loading=\"lazy\"\/><\/p>\n<p class=\"fig__caption__text\">Die Italiener beim Training in der F\u00fcchse-Halle: Hier mit Davide Bulzamini und Gabriele Sontacchi (gr\u00fcnes Hemd), beide spielen in der 2. Bundesliga beim VfL Potsdam<\/p>\n<p>Foto: G\u00f6res<\/p>\n<p>Italiens Handball-Nationalteam in Berlin: Hanning testet mit F\u00fcchse-Power f\u00fcr die EM<\/p>\n<p>Und so \u00fcberrascht Hanning seine Mannschaft mit ein paar Berlin-Highlights. Am Montag hatte der Boss, der sein Amt im M\u00e4rz bei den Italienern antrat, in sein Haus in Wandlitz eingeladen, am Mittwoch geht der Team-Tross geschlossen zum Spiel der Eisb\u00e4ren gegen die Adler Mannheim. \u201eUnd dann gibt es noch mein ber\u00fchmtes gemeinsames Tennisturnier\u201c, verr\u00e4t Hanning.<\/p>\n<p><img decoding=\"async\" width=\"992\" height=\"558\" alt=\"Torh\u00fcter Domenico Ebner (Leipzig\/unten) und R\u00fcckraumspieler Marco Mengon (r.\/Potsdam) beim Dehnen\" src=\"https:\/\/www.europesays.com\/de\/wp-content\/uploads\/2025\/10\/da3fffeb106f28bf3e36f396cb062ad7,ceee5d02\"   class=\"landscape\" loading=\"lazy\"\/><\/p>\n<p class=\"fig__caption__text\">Torh\u00fcter Domenico Ebner (Leipzig\/unten) und R\u00fcckraumspieler Marco Mengon (r.\/Potsdam) beim Dehnen<\/p>\n<p>Foto: G\u00f6res<\/p>\n<p>Torh\u00fcter Domenico Ebner (31\/spielt in der Bundesliga bei Leipzig, begeistert: \u201eEs ist f\u00fcr uns eine gro\u00dfe Sache, dass wir hier sein d\u00fcrfen. Viele meiner Kollegen haben noch nie unter solchen Bedingungen trainiert. So k\u00f6nnen sie direkt auch mal erleben, wie ein Top-Klub der Bundesliga funktioniert, wie professionell alles hier ist. Die Trainingshalle, gleich nebenan, der Kraftraum, vor der T\u00fcr ein Leichtathletikstadion, die Physiotherapie \u2013 alles auf einem Fleck.\u201c<\/p>\n<p><img decoding=\"async\" width=\"992\" height=\"558\" alt=\"Topmodern: Die F\u00fcchse-Halle ist komplett mit Kameras ausgestattet, sofort an Bob Hanning am Bildschirm per Video das Training korrigieren\" src=\"https:\/\/www.europesays.com\/de\/wp-content\/uploads\/2025\/10\/298ad320fbbf4e953dda274698db280a,f717daff\"   class=\"landscape\" loading=\"lazy\"\/><\/p>\n<p class=\"fig__caption__text\">Topmodern: Die F\u00fcchse-Halle ist komplett mit Kameras ausgestattet, sofort an Bob Hanning am Bildschirm per Video das Training korrigieren<\/p>\n<p>Foto: Krieger<\/p>\n<p>Hannings Co-Trainer J\u00fcrgen Prantner (55): \u201e\u00dcberragend, was Bob alles m\u00f6glich macht f\u00fcr uns, das bedeutet den Jungs sehr viel. Jetzt sind wir nat\u00fcrlich alle hei\u00df auf das Frankreich-Spiel.\u201c<\/p>\n<p>Mehr zum Thema<\/p>\n<p>Ebner erg\u00e4nzt: \u201eViele von uns haben noch nie vor 12.000 Fans gespielt, die erwarten uns in Pau. Da treffen wir nat\u00fcrlich auf ein Top-Team, aber genau mit den Gro\u00dfen wollen wir uns auch messen und lernen. Wir wollen nicht mehr die kleine Nation, die kleinen Italiener sein.\u201c<\/p>\n<p><b>Und Hanning schiebt nach: \u201eGegen Frankreich zu spielen, ist nat\u00fcrlich ein Klassiker f\u00fcr die Italiener, da w\u00e4ren meine Spieler auch zu Fu\u00df hingelaufen f\u00fcr dieses Duell.\u201c<\/b><\/p>\n","protected":false},"excerpt":{"rendered":"Er f\u00fchrte Italiens Handballer erstmals seit 1998 wieder zu einer EM. Damit sich sein Team im Januar bei&hellip;\n","protected":false},"author":2,"featured_media":534882,"comment_status":"","ping_status":"","sticky":false,"template":"","format":"standard","meta":{"footnotes":""},"categories":[1825],"tags":[296,29,11662,1932,131182,1933,30,1391,38956,5009,32264,5011,806,45],"class_list":{"0":"post-534881","1":"post","2":"type-post","3":"status-publish","4":"format-standard","5":"has-post-thumbnail","7":"category-berlin","8":"tag-berlin","9":"tag-deutschland","10":"tag-dhb","11":"tag-dyn-handball","12":"tag-ebner-domenico","13":"tag-fuechse-berlin","14":"tag-germany","15":"tag-handball","16":"tag-hanning-bob","17":"tag-hbl","18":"tag-krieger-ulrike","19":"tag-regio-sport-berlin","20":"tag-sport-leuchtturm-berlin","21":"tag-texttospeech"},"share_on_mastodon":{"url":"https:\/\/pubeurope.com\/@de\/115456393767250986","error":""},"_links":{"self":[{"href":"https:\/\/www.europesays.com\/de\/wp-json\/wp\/v2\/posts\/534881","targetHints":{"allow":["GET"]}}],"collection":[{"href":"https:\/\/www.europesays.com\/de\/wp-json\/wp\/v2\/posts"}],"about":[{"href":"https:\/\/www.europesays.com\/de\/wp-json\/wp\/v2\/types\/post"}],"author":[{"embeddable":true,"href":"https:\/\/www.europesays.com\/de\/wp-json\/wp\/v2\/users\/2"}],"replies":[{"embeddable":true,"href":"https:\/\/www.europesays.com\/de\/wp-json\/wp\/v2\/comments?post=534881"}],"version-history":[{"count":0,"href":"https:\/\/www.europesays.com\/de\/wp-json\/wp\/v2\/posts\/534881\/revisions"}],"wp:featuredmedia":[{"embeddable":true,"href":"https:\/\/www.europesays.com\/de\/wp-json\/wp\/v2\/media\/534882"}],"wp:attachment":[{"href":"https:\/\/www.europesays.com\/de\/wp-json\/wp\/v2\/media?parent=534881"}],"wp:term":[{"taxonomy":"category","embeddable":true,"href":"https:\/\/www.europesays.com\/de\/wp-json\/wp\/v2\/categories?post=534881"},{"taxonomy":"post_tag","embeddable":true,"href":"https:\/\/www.europesays.com\/de\/wp-json\/wp\/v2\/tags?post=534881"}],"curies":[{"name":"wp","href":"https:\/\/api.w.org\/{rel}","templated":true}]}}