{"id":535151,"date":"2025-10-29T10:40:18","date_gmt":"2025-10-29T10:40:18","guid":{"rendered":"https:\/\/www.europesays.com\/de\/535151\/"},"modified":"2025-10-29T10:40:18","modified_gmt":"2025-10-29T10:40:18","slug":"s-bahn-hamburg-fuehrt-neue-linienbezeichnung-s7-ein","status":"publish","type":"post","link":"https:\/\/www.europesays.com\/de\/535151\/","title":{"rendered":"S-Bahn Hamburg f\u00fchrt neue Linienbezeichnung S7 ein"},"content":{"rendered":"<p _ngcontent-sc113=\"\"> 29. Oktober 2025 \u2013 Chiara-Lee Haartje <\/p>\n<p _ngcontent-sc113=\"\">Ab dem 14. Dezember f\u00fchrt die S-Bahn Hamburg die neue Linienbezeichnung S7 ein. Die Z\u00fcge zwischen Bergedorf und Altona fahren nun durch den Citytunnel und bieten Fahrg\u00e4sten eine bessere Orientierung im S-Bahnnetz. Die Taktung bleibt unver\u00e4ndert.<\/p>\n<p _ngcontent-sc85=\"\" align=\"false\">Ab dem 14. Dezember wird die S-Bahn Hamburg die Bergedorfer S-Bahnlinie mit einer neuen Kennzeichnung versehen: Die Z\u00fcge zwischen Bergedorf und Altona fahren k\u00fcnftig als S7. Damit wird eine verbesserte Orientierung f\u00fcr Fahrg\u00e4ste geschaffen und die Unterscheidung zur S2 vereinfacht.<\/p>\n<p>Neue Orientierung im Hamburger S-Bahnnetz<\/p>\n<p _ngcontent-sc85=\"\" align=\"false\">Mit der Einf\u00fchrung der S7 will die S-Bahn Hamburg den Fahrg\u00e4sten eine klarere Orientierung im Streckennetz bieten. Die Z\u00fcge fahren weiterhin auf der bekannten Strecke von Bergedorf\/Aum\u00fchle nach Altona, nutzen jedoch den Citytunnel und fahren durch wichtige Stationen wie Jungfernstieg, Landungsbr\u00fccken und Reeperbahn.<\/p>\n<p>Unterschiedliche Linien f\u00fcr bessere \u00dcbersicht<\/p>\n<p _ngcontent-sc85=\"\" align=\"false\">Die Einf\u00fchrung der S7 dient dazu, die Bergedorfer S-Bahn besser von anderen Linien wie der S2 zu unterscheiden, die weiterhin \u00fcber die Verbindungsbahn nach Diebsteich f\u00e4hrt. Diese klare Linienkennzeichnung soll das Pendeln f\u00fcr Hamburgs S-Bahn-Nutzer erleichtern und die t\u00e4gliche Fahrt angenehmer gestalten.<\/p>\n<p>Auswirkungen auf den Fahrplan und Taktung<\/p>\n<p _ngcontent-sc85=\"\" align=\"false\">Die neue Liniennummer hat jedoch keine Auswirkungen auf den Fahrplan: Die Taktung der Z\u00fcge bleibt unver\u00e4ndert. Auch die Anzahl der S7-Z\u00fcge bleibt gleich, was den gewohnten Komfort und die P\u00fcnktlichkeit sicherstellt. Die \u00c4nderungen betreffen vor allem die Fahrgastinformation und die visuelle Kennzeichnung der Z\u00fcge.<\/p>\n<p>Weitere News On Air<\/p>\n<p _ngcontent-sc85=\"\" align=\"false\">Weitere Nachrichten aus Hamburg, Deutschland und der Welt h\u00f6rt ihr immer zur vollen Stunde bei uns im Programm. Holt euch einfach unsere <a _ngcontent-sc133=\"\" href=\"https:\/\/www.radiohamburg.de\/programm\/frequenzen\/Streamen-%C3%BCber-die-App-id388032.html\" rel=\"nofollow noopener\" target=\"_blank\">kostenlose App<\/a>, h\u00f6rt uns \u00fcber euren <a _ngcontent-sc133=\"\" href=\"https:\/\/www.radiohamburg.de\/programm\/frequenzen\/Alexa-spiele-Radio-Hamburg-id387722.html\" rel=\"nofollow noopener\" target=\"_blank\">Smartspeaker<\/a> oder schaltet mit einem Klick unten auf den Playbutton das Webradio ein. Zum Nachh\u00f6ren gibt&#8217;s das Ganze nat\u00fcrlich auch noch mal als <a _ngcontent-sc133=\"\" href=\"https:\/\/www.radiohamburg.de\/hoeren\/podcasts\/Radio-Hamburg-Nachrichten-id388455.html\" rel=\"nofollow noopener\" target=\"_blank\">Podcastangebot<\/a>.<\/p>\n<p><img decoding=\"async\" _ngcontent-sc130=\"\" class=\"\" src=\"https:\/\/www.europesays.com\/de\/wp-content\/uploads\/2025\/05\/1746397515_497_image.jpg\" alt=\"Streamcover_1600_live.jpg\" title=\"Streamcover_1600_live.jpg\"\/><\/p>\n<p> Hier geht&#8217;s zum Programm von Radio Hamburg <\/p>\n<p>Radio Hamburg Live Stream<\/p>\n<p _ngcontent-sc85=\"\" align=\"false\">Eure Mega-Hits f\u00fcr die sch\u00f6nste Stadt der Welt und dazu alle wichtigen News aus Hamburg, Deutschland und der Welt h\u00f6rt ihr bei uns im Programm.<\/p>\n","protected":false},"excerpt":{"rendered":"29. Oktober 2025 \u2013 Chiara-Lee Haartje Ab dem 14. Dezember f\u00fchrt die S-Bahn Hamburg die neue Linienbezeichnung S7&hellip;\n","protected":false},"author":2,"featured_media":416370,"comment_status":"","ping_status":"","sticky":false,"template":"","format":"standard","meta":{"footnotes":"","_share_on_mastodon":"0"},"categories":[1826],"tags":[85476,2724,131247,131251,2081,17934,85773,33831,97405,29,131237,131240,16097,131235,131244,14303,30,692,51633,131234,3601,131238,4118,23358,131236,90278,116181,2289,16677,131249,131252,131242,131246,131233,131250,131241,131248,54225,4108,104063,52431,131245,85771,131243,131239],"class_list":["post-535151","post","type-post","status-publish","format-standard","has-post-thumbnail","category-hamburg","tag-s7","tag-altona","tag-aushaenge","tag-bahnhofsinfrastruktur","tag-bauarbeiten","tag-bergedorf","tag-citytunnel","tag-dammtor","tag-db-infrago","tag-deutschland","tag-diebsteich","tag-digitalauskunft","tag-eisenbahnbruecke","tag-fahrgastinformation","tag-fahrgastorientierung","tag-fahrplan","tag-germany","tag-hamburg","tag-hamburg-verkehr","tag-hamburger-s-bahnnetz","tag-hauptbahnhof","tag-holstenstrasse","tag-jungfernstieg","tag-landungsbruecken","tag-linienbezeichnung","tag-pendeln-hamburg","tag-pendlerverkehr","tag-reeperbahn","tag-s-bahn-hamburg","tag-s-bahn-neubewertung","tag-s-bahn-routen","tag-s-bahnfahrplan","tag-s-bahnhoefe","tag-s-bahnlinie","tag-s-bahnlinie-s7","tag-s-bahnstationen","tag-s-bahnumbau","tag-s2","tag-sanierung","tag-sternschanze","tag-taktung","tag-taktverstaerker","tag-verbindungsbahn","tag-verkehrsnetz-hamburg","tag-zugzielanzeiger"],"share_on_mastodon":{"url":"","error":"Validation failed: Text character limit of 500 exceeded"},"_links":{"self":[{"href":"https:\/\/www.europesays.com\/de\/wp-json\/wp\/v2\/posts\/535151","targetHints":{"allow":["GET"]}}],"collection":[{"href":"https:\/\/www.europesays.com\/de\/wp-json\/wp\/v2\/posts"}],"about":[{"href":"https:\/\/www.europesays.com\/de\/wp-json\/wp\/v2\/types\/post"}],"author":[{"embeddable":true,"href":"https:\/\/www.europesays.com\/de\/wp-json\/wp\/v2\/users\/2"}],"replies":[{"embeddable":true,"href":"https:\/\/www.europesays.com\/de\/wp-json\/wp\/v2\/comments?post=535151"}],"version-history":[{"count":0,"href":"https:\/\/www.europesays.com\/de\/wp-json\/wp\/v2\/posts\/535151\/revisions"}],"wp:featuredmedia":[{"embeddable":true,"href":"https:\/\/www.europesays.com\/de\/wp-json\/wp\/v2\/media\/416370"}],"wp:attachment":[{"href":"https:\/\/www.europesays.com\/de\/wp-json\/wp\/v2\/media?parent=535151"}],"wp:term":[{"taxonomy":"category","embeddable":true,"href":"https:\/\/www.europesays.com\/de\/wp-json\/wp\/v2\/categories?post=535151"},{"taxonomy":"post_tag","embeddable":true,"href":"https:\/\/www.europesays.com\/de\/wp-json\/wp\/v2\/tags?post=535151"}],"curies":[{"name":"wp","href":"https:\/\/api.w.org\/{rel}","templated":true}]}}