{"id":535251,"date":"2025-10-29T11:36:16","date_gmt":"2025-10-29T11:36:16","guid":{"rendered":"https:\/\/www.europesays.com\/de\/535251\/"},"modified":"2025-10-29T11:36:16","modified_gmt":"2025-10-29T11:36:16","slug":"nuernberg-skisprung-bundestrainer-verkuendet-ruecktritt-am-saisonende","status":"publish","type":"post","link":"https:\/\/www.europesays.com\/de\/535251\/","title":{"rendered":"N\u00fcrnberg | Skisprung-Bundestrainer verk\u00fcndet R\u00fccktritt am Saisonende"},"content":{"rendered":"<p>N\u00fcrnberg (dpa) &#8211; Stefan Horngacher tritt nach der Olympia-Saison 2025\/26 als Skisprung-Bundestrainer zur\u00fcck. \u00abF\u00fcr mich schlie\u00dft sich ein Kreis. Das wird meine letzte Saison als Bundestrainer\u00bb, verk\u00fcndete der \u00d6sterreicher bei der Einkleidung des Deutschen Skiverbands (DSV) in N\u00fcrnberg.<\/p>\n<p>Der 56-J\u00e4hrige ist seit April 2019 im Amt und f\u00fchrte die DSV-Adler seither zu etlichen Erfolgen. \u00abIch finde es wichtig, dass ich das schon vor Saisonbeginn kommuniziere, damit es w\u00e4hrenddessen keine kritischen Fragen gibt &#8211; so ist es auch f\u00fcr die Sportler leichter\u00bb, begr\u00fcndete der Erfolgstrainer die \u00fcberraschende Ank\u00fcndigung seines anstehenden R\u00fcckzugs.\u00a0<\/p>\n<p>DSV-Sportdirektor: Entscheidung \u00abetwas \u00fcberraschend\u00bb<\/p>\n<p>Horngacher hatte seine erste Saison als aktiver Springer 1991 in Predazzo begonnen. \u00abNun schlie\u00dft sich dort der Kreis mit den Olympischen Spielen. Das ist eine runde Sache f\u00fcr mich. Ich habe f\u00fcr mich entschieden, dass es nach dieser Saison als deutscher Bundestrainer genug ist\u00bb, sagte Horngacher.<\/p>\n<p>Nach Angaben von DSV-Sportdirektor Horst H\u00fcttel gibt es noch keine konkreten Pl\u00e4ne, wer die Nachfolge von Horngacher antreten soll. \u00abIch muss das erst einmal etwas sacken lassen. Das kam auch f\u00fcr mich etwas \u00fcberraschend\u00bb, sagte H\u00fcttel. Es werde darum gehen, f\u00fcr die Zukunft wieder \u00abeine langfristige L\u00f6sung zu finden\u00bb, erg\u00e4nzte der 57-J\u00e4hrige.<\/p>\n","protected":false},"excerpt":{"rendered":"N\u00fcrnberg (dpa) &#8211; Stefan Horngacher tritt nach der Olympia-Saison 2025\/26 als Skisprung-Bundestrainer zur\u00fcck. \u00abF\u00fcr mich schlie\u00dft sich ein&hellip;\n","protected":false},"author":2,"featured_media":535252,"comment_status":"","ping_status":"","sticky":false,"template":"","format":"standard","meta":{"footnotes":"","_share_on_mastodon":"0"},"categories":[1837],"tags":[772,3364,29,31894,30,3783,1382,62497],"class_list":["post-535251","post","type-post","status-publish","format-standard","has-post-thumbnail","category-nuernberg","tag-bayern","tag-de","tag-deutschland","tag-dsv","tag-germany","tag-nuernberg","tag-skispringen","tag-weltcup"],"share_on_mastodon":{"url":"https:\/\/pubeurope.com\/@de\/115457253947186807","error":""},"_links":{"self":[{"href":"https:\/\/www.europesays.com\/de\/wp-json\/wp\/v2\/posts\/535251","targetHints":{"allow":["GET"]}}],"collection":[{"href":"https:\/\/www.europesays.com\/de\/wp-json\/wp\/v2\/posts"}],"about":[{"href":"https:\/\/www.europesays.com\/de\/wp-json\/wp\/v2\/types\/post"}],"author":[{"embeddable":true,"href":"https:\/\/www.europesays.com\/de\/wp-json\/wp\/v2\/users\/2"}],"replies":[{"embeddable":true,"href":"https:\/\/www.europesays.com\/de\/wp-json\/wp\/v2\/comments?post=535251"}],"version-history":[{"count":0,"href":"https:\/\/www.europesays.com\/de\/wp-json\/wp\/v2\/posts\/535251\/revisions"}],"wp:featuredmedia":[{"embeddable":true,"href":"https:\/\/www.europesays.com\/de\/wp-json\/wp\/v2\/media\/535252"}],"wp:attachment":[{"href":"https:\/\/www.europesays.com\/de\/wp-json\/wp\/v2\/media?parent=535251"}],"wp:term":[{"taxonomy":"category","embeddable":true,"href":"https:\/\/www.europesays.com\/de\/wp-json\/wp\/v2\/categories?post=535251"},{"taxonomy":"post_tag","embeddable":true,"href":"https:\/\/www.europesays.com\/de\/wp-json\/wp\/v2\/tags?post=535251"}],"curies":[{"name":"wp","href":"https:\/\/api.w.org\/{rel}","templated":true}]}}