{"id":535431,"date":"2025-10-29T13:53:20","date_gmt":"2025-10-29T13:53:20","guid":{"rendered":"https:\/\/www.europesays.com\/de\/535431\/"},"modified":"2025-10-29T13:53:20","modified_gmt":"2025-10-29T13:53:20","slug":"kinos-in-muenchen-filmtipps-zu-halloween-muenchen","status":"publish","type":"post","link":"https:\/\/www.europesays.com\/de\/535431\/","title":{"rendered":"Kinos in M\u00fcnchen: Filmtipps zu Halloween &#8211; M\u00fcnchen"},"content":{"rendered":"<p data-manual=\"paragraph\" data-schema-org-speakable=\"true\" class=\"css-1eosz7k\">Wenn Menschen K\u00fcrbisse vor ihre T\u00fcren stellen, sich f\u00fcr Kost\u00fcmpartys verunstalten oder den eigenen Nachwuchs \u201eS\u00fc\u00dfes oder Saures\u201c erbetteln lassen, ist wohl wieder <a href=\"https:\/\/www.sueddeutsche.de\/thema\/Halloween\" target=\"_blank\" rel=\"noopener\">Halloween<\/a>. Der schaurig-schr\u00e4ge Kulturimport aus dem angels\u00e4chsischen Raum hat auch hierzulande eine riesige Fangemeinde, gefeiert wird unter anderem im Kino. Neue Horrorfilme wie <a href=\"https:\/\/www.sueddeutsche.de\/kultur\/frankenstein-kino-netflix-rezension-oscar-issac-li.3328239\" target=\"_blank\" rel=\"noopener\">Guillermo del Toros \u201eFrankenstein\u201c<\/a>, \u201eBlack Phone 2\u201c, \u201eGood Boy\u201c oder Luc Bessons \u201eDracula \u2013 Die Auferstehung\u201c sollen das schauderw\u00fctige Publikum in die Kinos\u00e4le locken. In <a href=\"https:\/\/www.sueddeutsche.de\/muenchen\" target=\"_blank\" rel=\"noopener\">M\u00fcnchen<\/a> werden zudem Filmklassiker wie \u201eRosemaries Baby\u201c, \u201eDas Cabinet des Dr. Caligari\u201c oder die unsterbliche \u201eRocky Horror Picture Show\u201c aufgef\u00fchrt.<\/p>\n<p data-manual=\"paragraph\" data-schema-org-speakable=\"true\" class=\"css-1eosz7k\">Auch Kinder wollen sich gruseln, auch f\u00fcr sie gibt es altersgerechtes Filmprogramm: Im europ\u00e4ischen <a href=\"https:\/\/www.sueddeutsche.de\/thema\/Animationsfilme\" target=\"_blank\" rel=\"noopener\">Animationsfilm<\/a> \u201eAlles voller Monster\u201c (laut FSK ab 6 Jahren freigegeben) etwa reiht ein verr\u00fcckter Professor eine Reihe monstr\u00f6ser Kreaturen um sich. Auf den Professor verlassen k\u00f6nnen sich die Monster nicht, auf ihre furchtbare Angst vor Menschen schon: Das erinnert ein wenig an den Pixar-Hit \u201eDie Monster AG\u201c, basiert aber auf dem ersten Band der \u201eStichkopf\u201c-Kinderbuchreihe von Guy Bass, der sich wiederum auf den Frankenstein-Mythos bezieht.<\/p>\n<p data-manual=\"paragraph\" data-schema-org-speakable=\"true\" class=\"css-1eosz7k\">Im Mittelpunkt des <a href=\"https:\/\/www.sueddeutsche.de\/thema\/Film\" target=\"_blank\" rel=\"noopener\">Films<\/a> steht dann auch Stichkopf, der mit seinem riesigen Kopf und den zwei verschiedenen Augen eher s\u00fc\u00df als schaurig daherkommt: In einem Schloss hoch \u00fcber einer kleinen Stadt k\u00fcmmert er sich um die anderen Monster, als Jahrmarkts-Attraktion soll er Menschen erschrecken. Zum Gl\u00fcck gibt es noch ein kleines M\u00e4dchen, das sich um Stichkopf sorgt: Schlie\u00dflich soll die Geschichte bei allem Grusel am Ende doch gut ausgehen.<\/p>\n<p data-manual=\"paragraph\" data-schema-org-speakable=\"true\" class=\"css-1eosz7k\"><strong>Alles voller Monster, GB\/D\/F\/LUX 2025, Regie: Steve Hudson, der Film l\u00e4uft unter anderem im Math\u00e4ser und den Museum-Lichtspielen sowie in Gauting, Gilching, Freising oder Erding<\/strong><\/p>\n","protected":false},"excerpt":{"rendered":"Wenn Menschen K\u00fcrbisse vor ihre T\u00fcren stellen, sich f\u00fcr Kost\u00fcmpartys verunstalten oder den eigenen Nachwuchs \u201eS\u00fc\u00dfes oder Saures\u201c&hellip;\n","protected":false},"author":2,"featured_media":535432,"comment_status":"","ping_status":"","sticky":false,"template":"","format":"standard","meta":{"footnotes":""},"categories":[1827],"tags":[84797,772,29,30,14830,2392,1268,149],"class_list":{"0":"post-535431","1":"post","2":"type-post","3":"status-publish","4":"format-standard","5":"has-post-thumbnail","7":"category-muenchen","8":"tag-halloween","9":"tag-bayern","10":"tag-deutschland","11":"tag-germany","12":"tag-kino-in-muenchen","13":"tag-kultur-in-muenchen","14":"tag-muenchen","15":"tag-sueddeutsche-zeitung"},"share_on_mastodon":{"url":"https:\/\/pubeurope.com\/@de\/115457792718912477","error":""},"_links":{"self":[{"href":"https:\/\/www.europesays.com\/de\/wp-json\/wp\/v2\/posts\/535431","targetHints":{"allow":["GET"]}}],"collection":[{"href":"https:\/\/www.europesays.com\/de\/wp-json\/wp\/v2\/posts"}],"about":[{"href":"https:\/\/www.europesays.com\/de\/wp-json\/wp\/v2\/types\/post"}],"author":[{"embeddable":true,"href":"https:\/\/www.europesays.com\/de\/wp-json\/wp\/v2\/users\/2"}],"replies":[{"embeddable":true,"href":"https:\/\/www.europesays.com\/de\/wp-json\/wp\/v2\/comments?post=535431"}],"version-history":[{"count":0,"href":"https:\/\/www.europesays.com\/de\/wp-json\/wp\/v2\/posts\/535431\/revisions"}],"wp:featuredmedia":[{"embeddable":true,"href":"https:\/\/www.europesays.com\/de\/wp-json\/wp\/v2\/media\/535432"}],"wp:attachment":[{"href":"https:\/\/www.europesays.com\/de\/wp-json\/wp\/v2\/media?parent=535431"}],"wp:term":[{"taxonomy":"category","embeddable":true,"href":"https:\/\/www.europesays.com\/de\/wp-json\/wp\/v2\/categories?post=535431"},{"taxonomy":"post_tag","embeddable":true,"href":"https:\/\/www.europesays.com\/de\/wp-json\/wp\/v2\/tags?post=535431"}],"curies":[{"name":"wp","href":"https:\/\/api.w.org\/{rel}","templated":true}]}}