{"id":535526,"date":"2025-10-29T14:48:18","date_gmt":"2025-10-29T14:48:18","guid":{"rendered":"https:\/\/www.europesays.com\/de\/535526\/"},"modified":"2025-10-29T14:48:18","modified_gmt":"2025-10-29T14:48:18","slug":"butter-so-guenstig-wie-seit-ueber-zwei-jahren-nicht-mehr","status":"publish","type":"post","link":"https:\/\/www.europesays.com\/de\/535526\/","title":{"rendered":"Butter so g\u00fcnstig wie seit \u00fcber zwei Jahren nicht mehr"},"content":{"rendered":"<p>            <img loading=\"lazy\" decoding=\"async\" class=\"ts-image\" src=\"https:\/\/www.europesays.com\/de\/wp-content\/uploads\/2025\/10\/butter-120.jpg\" alt=\"Butter-Packungen im K\u00fchlregal eines Supermarkts.\" title=\"Butter-Packungen im K\u00fchlregal eines Supermarkts. | picture alliance \/ CHROMORANGE\"\/><\/p>\n<p class=\"metatextline\">Stand: 29.10.2025 13:22 Uhr<\/p>\n<p class=\"textabsatz columns twelve  m-ten  m-offset-one l-eight l-offset-two\">\n        <strong>Die Einzelh\u00e4ndler reduzieren erneut den Preis f\u00fcr Butter. Innerhalb eines Jahres sind die Eigenmarken mittlerweile um einen Euro g\u00fcnstiger geworden. Ein Grund: Es wird mehr Milch erzeugt.<\/strong>\n    <\/p>\n<p class=\"textabsatz m-ten m-offset-one l-eight l-offset-two columns twelve\">Der Butterpreis im Einzelhandel f\u00e4llt auf den niedrigsten Stand seit mehr als zwei Jahren. Supermarktketten und Discounter reduzieren den Betrag f\u00fcr ein 250-Gramm-P\u00e4ckchen Deutsche Markenbutter ihrer Eigenmarken in dieser Woche um weitere 10 Cent auf 1,39 Euro. Das ergab eine Umfrage der Deutschen Presse-Agentur. Auch andere Butterprodukte sollen g\u00fcnstiger werden. Erst im September hatten die H\u00e4ndler ihre Preise zweimal gesenkt.<\/p>\n<p>    Mehr Angebot und weniger Nachfrage<\/p>\n<p class=\"textabsatz m-ten m-offset-one l-eight l-offset-two columns twelve\">&#8222;In Deutschland und in der EU wird im Herbst 2025 mehr Milch erzeugt als im Vorjahr&#8220;, sagt die Marktexpertin Kerstin Keunecke von der Agrarmarkt Informations-Gesellschaft. Dem erh\u00f6hten Angebot stehe eine teils verhaltene Nachfrage gegen\u00fcber. Ein weiterer Grund f\u00fcr die sinkenden Preise sei der h\u00f6here Fettgehalt in der Rohmilch. Je weniger Fett die Milch enth\u00e4lt, desto mehr Milch wird f\u00fcr die Butterproduktion ben\u00f6tigt.<\/p>\n<p class=\"textabsatz m-ten m-offset-one l-eight l-offset-two columns twelve\">Im Zuge dessen k\u00f6nnen die Einzelh\u00e4ndler die Preise senken. &#8222;Die &#8218;Milsani&#8216; Deutsche Markenbutter kostet damit dauerhaft nur noch 1,39 Euro und ist so g\u00fcnstig wie seit knapp zwei Jahren nicht mehr&#8220;, teilte Aldi gestern mit. Als Preisf\u00fchrer setze der Discounter &#8222;ein klares Zeichen f\u00fcr gute Lebensmittel zum besten Preis&#8220;.<\/p>\n<p class=\"textabsatz m-ten m-offset-one l-eight l-offset-two columns twelve\">Heute zogen unter anderem Lidl und Norma mit entsprechenden Mitteilungen nach. &#8222;Ab sofort ist die &#8218;Milbona Deutsche Markenbutter&#8216; (250 Gramm) f\u00fcr 1,39 Euro erh\u00e4ltlich und ist damit so g\u00fcnstig wie zuletzt vor rund zwei Jahren&#8220;, hie\u00df es etwa von Lidl. Demnach profitierten die Kundinnen und Kunden auch von g\u00fcnstigeren Preisen bei weiteren Butter-Artikeln &#8211; darunter veganen Alternativen.<\/p>\n<p>    Im September schon zwei Preissenkungen<\/p>\n<p class=\"textabsatz m-ten m-offset-one l-eight l-offset-two columns twelve\">Bei Butter gab es in den vergangenen Jahren gro\u00dfe Preisschwankungen. So hatten Kundinnen und Kunden f\u00fcr das billigste P\u00e4ckchen Eigenmarken-Butter in den meisten Gesch\u00e4ften zuletzt im Sommer 2023 1,39 Euro gezahlt. Binnen eines Jahres verteuerte sich das Produkt daraufhin um fast 40 Prozent. Im Oktober 2024 war der Preis auf 2,39 Euro gestiegen. Butter war damit so teuer wie noch nie.<\/p>\n<p class=\"textabsatz m-ten m-offset-one l-eight l-offset-two columns twelve\">Seit Februar sinken die Preise wieder. Wenn einzelne Lebensmittelh\u00e4ndler Artikel wie Butter dauerhaft reduzieren, folgen andere \u00fcblicherweise schnell. Zuletzt hatten die Handelsketten den Preis bei den Eigenmarken <a href=\"https:\/\/www.tagesschau.de\/wirtschaft\/verbraucher\/senkung-butter-preise-100.html\" title=\"Gro\u00dfe Handelsketten wie Lidl, Aldi und Penny senken Butterpreis\" rel=\"nofollow noopener\" target=\"_blank\">Mitte September um 20 Cent<\/a> auf 1,79 Euro und Ende September noch einmal um 30 Cent auf 1,49 Euro gesenkt.<\/p>\n","protected":false},"excerpt":{"rendered":"Stand: 29.10.2025 13:22 Uhr Die Einzelh\u00e4ndler reduzieren erneut den Preis f\u00fcr Butter. Innerhalb eines Jahres sind die Eigenmarken&hellip;\n","protected":false},"author":2,"featured_media":535527,"comment_status":"","ping_status":"","sticky":false,"template":"","format":"standard","meta":{"footnotes":"","_share_on_mastodon":"0"},"categories":[5],"tags":[331,332,102619,3364,29,1072,30,13,14,15,3379,12,925],"class_list":["post-535526","post","type-post","status-publish","format-standard","has-post-thumbnail","category-nachrichten","tag-aktuelle-nachrichten","tag-aktuelle-news","tag-butter","tag-de","tag-deutschland","tag-einzelhandel","tag-germany","tag-headlines","tag-nachrichten","tag-news","tag-preise","tag-schlagzeilen","tag-supermarkt"],"share_on_mastodon":{"url":"https:\/\/pubeurope.com\/@de\/115458009067361249","error":""},"_links":{"self":[{"href":"https:\/\/www.europesays.com\/de\/wp-json\/wp\/v2\/posts\/535526","targetHints":{"allow":["GET"]}}],"collection":[{"href":"https:\/\/www.europesays.com\/de\/wp-json\/wp\/v2\/posts"}],"about":[{"href":"https:\/\/www.europesays.com\/de\/wp-json\/wp\/v2\/types\/post"}],"author":[{"embeddable":true,"href":"https:\/\/www.europesays.com\/de\/wp-json\/wp\/v2\/users\/2"}],"replies":[{"embeddable":true,"href":"https:\/\/www.europesays.com\/de\/wp-json\/wp\/v2\/comments?post=535526"}],"version-history":[{"count":0,"href":"https:\/\/www.europesays.com\/de\/wp-json\/wp\/v2\/posts\/535526\/revisions"}],"wp:featuredmedia":[{"embeddable":true,"href":"https:\/\/www.europesays.com\/de\/wp-json\/wp\/v2\/media\/535527"}],"wp:attachment":[{"href":"https:\/\/www.europesays.com\/de\/wp-json\/wp\/v2\/media?parent=535526"}],"wp:term":[{"taxonomy":"category","embeddable":true,"href":"https:\/\/www.europesays.com\/de\/wp-json\/wp\/v2\/categories?post=535526"},{"taxonomy":"post_tag","embeddable":true,"href":"https:\/\/www.europesays.com\/de\/wp-json\/wp\/v2\/tags?post=535526"}],"curies":[{"name":"wp","href":"https:\/\/api.w.org\/{rel}","templated":true}]}}