{"id":535639,"date":"2025-10-29T15:51:11","date_gmt":"2025-10-29T15:51:11","guid":{"rendered":"https:\/\/www.europesays.com\/de\/535639\/"},"modified":"2025-10-29T15:51:11","modified_gmt":"2025-10-29T15:51:11","slug":"erstes-graffiti-fuer-blinde-in-deutschland-mannheim","status":"publish","type":"post","link":"https:\/\/www.europesays.com\/de\/535639\/","title":{"rendered":"Erstes \u201eGraffiti f\u00fcr Blinde\u201c in Deutschland &#8211; Mannheim"},"content":{"rendered":"<p class=\"rhp-dpa-teaser\"><b>Jetzt k\u00f6nnen auch Blinde  ein Wandbild in Mannheim genie\u00dfen \u2013 und damit das erste in Deutschland. Doch das Werk des K\u00fcnstlers The Blind muss gemeinsam entschl\u00fcsselt werden.<\/b><\/p>\n<p>Es begann mit einer \u201eProblemwand\u201c im Mannheimer Quadrat J5, die zwar 40 Meter lang, aber nur f\u00fcnf Meter hoch ist. Das Zentralinstitut f\u00fcr seelische Gesundheit wollte sie der Freiluft-Galerie f\u00fcr urbane Kunst Stadt.Wand.Kunst zur Gestaltung anbieten \u2013 und sie stellte sich als ideal f\u00fcr einen langen Schriftzug heraus. In den Farben des Regenbogens prangen nun die Buchstaben \u201eEn faire voir de toutes les couleurs\u201c, was so viel bedeutet wie \u201eDie Welt zum Staunen bringen\u201c aber auch  \u201ees zu bunt treiben\u201c. Die Spr\u00fcche, die The Blind oft grellfarbig und als f\u00fchlbares Relief in Brailleschrift  auf Mauern auftr\u00e4gt, sind  provozierend zweideutig. \u201eVu et revu\u201c (sehen und gesehen werden) hei\u00dft es in <a class=\"rtr-entity\" data-rtr-entity=\"Paris\" data-rtr-id=\"d478ed98b98a8afb46c18cee97fb913bc7e45f3e\" data-rtr-score=\"5.274234693877551\" data-rtr-etype=\"location\" data-rtr-index=\"9\" href=\"https:\/\/www.rheinpfalz.de\/themen\/paris?utm_source=rheinpfalz.de&amp;utm_medium=tms&amp;utm_campaign=intext\" rel=\"nofollow noopener\" target=\"_blank\">Paris<\/a> im Angesicht des Eiffelturms, was Blinden  ironisch vorkommen muss.  \u201eVoulez-vous touchez avec moi ce soir\u201c steht in Montpellier und ist als Aufforderung geradezu ernst gemeint. Denn nur gemeinsam k\u00f6nnen die Werke  entschl\u00fcsselt werden: \u201eSehende und Nichtsehende brauchen einander, damit die Botschaft vollst\u00e4ndig wahrgenommen werden kann\u201c, sagt er im Gespr\u00e4ch mit dem Institut Fran\u00e7ais,  dessen Domizil nur wenige Schritte entfernt ist und das den K\u00fcnstler aus Nantes eingeladen hat. Erst  sprayt der Streetartist die Punkte der Brailleschrift mit Schablonen auf. Dann werden Halbkugeln aus Gips darauf geklebt. Nur Blinde k\u00f6nnen verstehen, was   die sehbehinderten Kinder der Schloss-Schule aus Ilvesheim, die an der Entstehung  mitgewirkt haben,  als Redewendung ausgesucht und mit aufgetragen haben: \u201eRot sehen\u201c. <\/p>\n<p><img decoding=\"async\" loading=\"lazy\" src=\"https:\/\/www.europesays.com\/de\/wp-content\/uploads\/2025\/10\/6868535_1_articledetail_the_blind_35.webp.webp\" alt=\"The Blind vor einem fr\u00fcheren Kunstwerk. \" title=\"The Blind vor einem fr\u00fcheren Kunstwerk. \" width=\"753\" height=\"502\" class=\"nfy-mobile-first\"\/> The Blind vor einem fr\u00fcheren Kunstwerk.Foto: The Blind<\/p>\n<p>F\u00fcr die gesellschaftliche Dimension der (Schrift-)Sprache  interessiert sich The Blind, der Kunst in Nantes studiert hat, weil er eine Leseschw\u00e4che hat. Geboren 1983 habe es in seiner Kindheit noch keine Hilfen gegeben, was er sich  gew\u00fcnscht h\u00e4tte. Umso mehr setzt er sich jetzt f\u00fcr Inklusion ein und  bezeichnet sich als \u201eartiviste\u201c als Mischung aus K\u00fcnstler und Aktivist. Die Initialz\u00fcndung war, als er ein riesiges Graffiti an der Autobahn gespr\u00fcht hatte, sichtbar f\u00fcr alle. \u201eAu\u00dfer den Blinden\u201c, dachte er. Seit 2004 widmet er sich als einziger Streetart-K\u00fcnstler  der Braille-Schrift und findet originelle Varianten: Von  erkletterbaren Buchstaben  bis hin zu ertastbaren Br\u00fcsten, die \u201eTouchez!\u201c ergeben, was \u201eber\u00fchrt\u201c, aber auch \u201eerwischt\u201c bedeutet und auf die Gefahr von Brustkrebs hinweist.<\/p>\n","protected":false},"excerpt":{"rendered":"Jetzt k\u00f6nnen auch Blinde ein Wandbild in Mannheim genie\u00dfen \u2013 und damit das erste in Deutschland. Doch das&hellip;\n","protected":false},"author":2,"featured_media":535640,"comment_status":"","ping_status":"","sticky":false,"template":"","format":"standard","meta":{"footnotes":""},"categories":[1845],"tags":[1634,3364,29,51480,548,663,3934,30,13,80,4060,2096,14,26917,15,319,12],"class_list":{"0":"post-535639","1":"post","2":"type-post","3":"status-publish","4":"format-standard","5":"has-post-thumbnail","7":"category-mannheim","8":"tag-baden-wuerttemberg","9":"tag-de","10":"tag-deutschland","11":"tag-eiffelturm","12":"tag-eu","13":"tag-europa","14":"tag-europe","15":"tag-germany","16":"tag-headlines","17":"tag-kultur","18":"tag-lokal","19":"tag-mannheim","20":"tag-nachrichten","21":"tag-nantes","22":"tag-news","23":"tag-paris","24":"tag-schlagzeilen"},"share_on_mastodon":{"url":"https:\/\/pubeurope.com\/@de\/115458257364816824","error":""},"_links":{"self":[{"href":"https:\/\/www.europesays.com\/de\/wp-json\/wp\/v2\/posts\/535639","targetHints":{"allow":["GET"]}}],"collection":[{"href":"https:\/\/www.europesays.com\/de\/wp-json\/wp\/v2\/posts"}],"about":[{"href":"https:\/\/www.europesays.com\/de\/wp-json\/wp\/v2\/types\/post"}],"author":[{"embeddable":true,"href":"https:\/\/www.europesays.com\/de\/wp-json\/wp\/v2\/users\/2"}],"replies":[{"embeddable":true,"href":"https:\/\/www.europesays.com\/de\/wp-json\/wp\/v2\/comments?post=535639"}],"version-history":[{"count":0,"href":"https:\/\/www.europesays.com\/de\/wp-json\/wp\/v2\/posts\/535639\/revisions"}],"wp:featuredmedia":[{"embeddable":true,"href":"https:\/\/www.europesays.com\/de\/wp-json\/wp\/v2\/media\/535640"}],"wp:attachment":[{"href":"https:\/\/www.europesays.com\/de\/wp-json\/wp\/v2\/media?parent=535639"}],"wp:term":[{"taxonomy":"category","embeddable":true,"href":"https:\/\/www.europesays.com\/de\/wp-json\/wp\/v2\/categories?post=535639"},{"taxonomy":"post_tag","embeddable":true,"href":"https:\/\/www.europesays.com\/de\/wp-json\/wp\/v2\/tags?post=535639"}],"curies":[{"name":"wp","href":"https:\/\/api.w.org\/{rel}","templated":true}]}}