{"id":536321,"date":"2025-10-29T22:17:33","date_gmt":"2025-10-29T22:17:33","guid":{"rendered":"https:\/\/www.europesays.com\/de\/536321\/"},"modified":"2025-10-29T22:17:33","modified_gmt":"2025-10-29T22:17:33","slug":"polizei-fasst-bande-nach-diebstahl-von-waschmaschinen","status":"publish","type":"post","link":"https:\/\/www.europesays.com\/de\/536321\/","title":{"rendered":"Polizei fasst Bande nach Diebstahl von Waschmaschinen"},"content":{"rendered":"<p>Gro\u00dfrazzia in Hamburg <\/p>\n<p>Polizei fasst Bande nach Diebstahl von hunderten Waschmaschinen<\/p>\n<p>Aktualisiert am 29.10.2025 &#8211; 17:07 UhrLesedauer: 1 Min.<\/p>\n<p><a href=\"#focus-0\" class=\"transition-colors duration-200 block text-current relative\" data-sctrack=\"FocusGalleryImage.Reference\"><img fetchpriority=\"high\" data-testid=\"Opener.Image\" style=\"--lqipURL:url('https:\/\/images.t-online.de\/2025\/10\/jn4rcxLR6xxV\/0x105:2048x1152\/fit-in\/150x0\/filters:blur(25)\/bei-den-durchsuchungen-stellten-die-einsatzkraefte-neben-dem-zuvor-entwendeten-porsche-unter-anderem-palettenweise-elektronikartikel-diverse-autoteile-sowie-einen-fluegel-sicher-symbolbild.jpg')\"   loading=\"eager\" src=\"https:\/\/www.europesays.com\/de\/wp-content\/uploads\/2025\/10\/bei-den-durchsuchungen-stellten-die-einsatzkraefte-neben-dem-zuvor-entwendeten-porsche-unter-anderem.jpeg\" alt=\"Ein Streifenwagen der Polizei mit eingeschaltetem Blaulicht\" title=\"Ein Streifenwagen der Polizei mit eingeschaltetem Blaulicht\" width=\"2048\" height=\"1152\" class=\"bg-[url:var(--lqipURL)] bg-cover bg-center flex h-full w-full max-w-full\" decoding=\"async\"\/><img style=\"--width:32;--height:32\" loading=\"lazy\" src=\"https:\/\/hamburg.t-online.de\/s\/paper\/_next\/static\/media\/zoom-in.f7dae02f.svg\" alt=\"Vergr\u00f6\u00dfern des Bildes\" title=\"Vergr\u00f6\u00dfern des Bildes\" class=\"block h-[calc(var(--height)_\/_16_*_1rem)] w-[calc(var(--width)_\/_16_*_1rem)] max-w-none absolute bottom-8 right-8 rounded-4 bg-snow p-8\" decoding=\"async\"\/><\/a><\/p>\n<p>Ein Blauchlicht (Symbolbild): Bei Durchsuchungen stellten die Einsatzkr\u00e4fte unter anderem palettenweise Elektronikartikel sowie einen Fl\u00fcgel sicher. (Quelle: Marcus Brandt\/dpa\/dpa-bilder)<\/p>\n<p class=\"font-bold text-18 leading-17\">Die Polizei hat nach einem Gro\u00dfeinbruch in ein Hamburger Speditionslager mehrere Verd\u00e4chtige festgenommen. Bei Durchsuchungen fanden die Beamten neben dem gestohlenen Porsche auch einen wertvollen Konzertfl\u00fcgel.<\/p>\n<p class=\"text-18 leading-17\">Einsatzkr\u00e4fte haben nach einem Gro\u00dfeinbruch in ein Speditionslager in Hamburg-Waltershof Haftbefehle und Durchsuchungsbeschl\u00fcsse in drei Bundesl\u00e4ndern vollstreckt.<\/p>\n<p class=\"text-18 leading-17\">Die Polizei Hamburg durchsuchte Objekte in Hamburg, Schleswig-Holstein und Niedersachsen. Die Ermittlungen richten sich gegen f\u00fcnf Beschuldigte im Alter von 27 bis 45 Jahren. Ihnen wird schwerer Bandendiebstahl vorgeworfen.<\/p>\n<p class=\"text-18 leading-17\">Zwischen dem 28. August und 1. September stahlen die T\u00e4ter mehrere hundert Waschmaschinen, Elektronikartikel, Autoteile und einen hochwertigen Porsche aus dem Lager.<\/p>\n<p class=\"text-18 leading-17\">Die Beamten durchsuchten Unterk\u00fcnfte in Hamburg, Oststeinbek und Tespe sowie zwei mutma\u00dfliche Diebesgutlager in Hamburg-Billbrook und Reinbek. Dabei stellten sie zudem einen im Januar in Hamburg-Wilhelmsburg gestohlenen Steinway-Fl\u00fcgel sicher.<\/p>\n<p class=\"text-18 leading-17\">Zus\u00e4tzlich beschlagnahmten die Einsatzkr\u00e4fte zwei weitere Porsche, ein Motorrad und hochwertige Armbanduhren f\u00fcr eine m\u00f6gliche Verm\u00f6gensabsch\u00f6pfung. Sieben Lastwagen waren n\u00f6tig, um alle sichergestellten Gegenst\u00e4nde abzutransportieren.<\/p>\n<p class=\"text-18 leading-17\">Die Polizei nahm zwei 45-J\u00e4hrige und einen 27-j\u00e4hrigen Beschuldigten fest. Ein 35-j\u00e4hriger Tatverd\u00e4chtiger sitzt bereits wegen einer anderen Straftat in Haft. Der 38-j\u00e4hrige Deutsche wurde nach den polizeilichen Ma\u00dfnahmen entlassen. Die Ermittlungen dauern an.<\/p>\n","protected":false},"excerpt":{"rendered":"Gro\u00dfrazzia in Hamburg Polizei fasst Bande nach Diebstahl von hunderten Waschmaschinen Aktualisiert am 29.10.2025 &#8211; 17:07 UhrLesedauer: 1&hellip;\n","protected":false},"author":2,"featured_media":536322,"comment_status":"","ping_status":"","sticky":false,"template":"","format":"standard","meta":{"footnotes":""},"categories":[1826],"tags":[722,17161,29,1686,4417,2540,77880,30,131444,28423,692,107119,131446,1411,121,14056,1971,131445,78956],"class_list":{"0":"post-536321","1":"post","2":"type-post","3":"status-publish","4":"format-standard","5":"has-post-thumbnail","7":"category-hamburg","8":"tag-722","9":"tag-17161","10":"tag-deutschland","11":"tag-diebstahl","12":"tag-durchsuchung","13":"tag-einsatzkraft","14":"tag-elektronikartikel","15":"tag-germany","16":"tag-grosseinbruch","17":"tag-grossrazzia","18":"tag-hamburg","19":"tag-hamburg-waltershof","20":"tag-konzertfluegel","21":"tag-niedersachsen","22":"tag-polizei","23":"tag-porsche","24":"tag-schleswig-holstein","25":"tag-speditionslager","26":"tag-waschmaschine"},"share_on_mastodon":{"url":"https:\/\/pubeurope.com\/@de\/115459775188656307","error":""},"_links":{"self":[{"href":"https:\/\/www.europesays.com\/de\/wp-json\/wp\/v2\/posts\/536321","targetHints":{"allow":["GET"]}}],"collection":[{"href":"https:\/\/www.europesays.com\/de\/wp-json\/wp\/v2\/posts"}],"about":[{"href":"https:\/\/www.europesays.com\/de\/wp-json\/wp\/v2\/types\/post"}],"author":[{"embeddable":true,"href":"https:\/\/www.europesays.com\/de\/wp-json\/wp\/v2\/users\/2"}],"replies":[{"embeddable":true,"href":"https:\/\/www.europesays.com\/de\/wp-json\/wp\/v2\/comments?post=536321"}],"version-history":[{"count":0,"href":"https:\/\/www.europesays.com\/de\/wp-json\/wp\/v2\/posts\/536321\/revisions"}],"wp:featuredmedia":[{"embeddable":true,"href":"https:\/\/www.europesays.com\/de\/wp-json\/wp\/v2\/media\/536322"}],"wp:attachment":[{"href":"https:\/\/www.europesays.com\/de\/wp-json\/wp\/v2\/media?parent=536321"}],"wp:term":[{"taxonomy":"category","embeddable":true,"href":"https:\/\/www.europesays.com\/de\/wp-json\/wp\/v2\/categories?post=536321"},{"taxonomy":"post_tag","embeddable":true,"href":"https:\/\/www.europesays.com\/de\/wp-json\/wp\/v2\/tags?post=536321"}],"curies":[{"name":"wp","href":"https:\/\/api.w.org\/{rel}","templated":true}]}}