{"id":536515,"date":"2025-10-30T00:05:22","date_gmt":"2025-10-30T00:05:22","guid":{"rendered":"https:\/\/www.europesays.com\/de\/536515\/"},"modified":"2025-10-30T00:05:22","modified_gmt":"2025-10-30T00:05:22","slug":"halloween-gegner-verlor-vor-verwaltungsgericht-ge","status":"publish","type":"post","link":"https:\/\/www.europesays.com\/de\/536515\/","title":{"rendered":"Halloween-Gegner verlor vor Verwaltungsgericht GE"},"content":{"rendered":"<p><a title=\"Halloween-Deko - Pexels_ergebnis\" href=\"https:\/\/neue-gladbecker-zeitung.de\/halloween-gegner-verlor-vor-verwaltungsgericht-ge\/halloween-deko-pexels_ergebnis\/\" rel=\"nofollow noopener\" target=\"_blank\"><img fetchpriority=\"high\" width=\"678\" height=\"381\" src=\"https:\/\/www.europesays.com\/de\/wp-content\/uploads\/2025\/10\/Halloween-Deko-Pexels_ergebnis.webp.webp\" class=\"attachment-mh-magazine-content size-mh-magazine-content wp-post-image\" alt=\"Halloween-Gegner verlor vor Verwaltungsgericht\" title=\"Halloween-Deko - Pexels_ergebnis\" loading=\"eager\" decoding=\"async\"\/><\/a><br \/>\nVoll auf die Nase gefallen ist ein Halloween-Gegnrr vor dem Verwaltungsgericht. Foto: pexels.com<\/p>\n<p>Verwaltungsgericht Gelsenkirchen: Halloween-Dekoration in Herne darf angebracht bleiben<\/p>\n<p><strong>Gladbeck \u2013 29.10.2025 \u2013 Halloween<\/strong>\u00a0\u2013\u00a0Die Dekoration von Vorg\u00e4rten und H\u00e4userfassaden in der <strong><a style=\"color: #ff0000;\" href=\"https:\/\/www.herne.de\/Kultur-und-Freizeit\/Tourismus\/Sehensw%C3%BCrdigkeiten\/Teutoburgia-Siedlung\/\" target=\"_blank\" rel=\"noopener nofollow\">Teutoburgia-Siedlung in Herne<\/a><\/strong> f\u00fcr <strong>Halloween am 31. Oktober 2025<\/strong> muss nicht beseitigt werden, wie dies ein B\u00fcrger von der Stadt Herne verlangt hat. Dies hat das <strong><a style=\"color: #ff0000;\" href=\"https:\/\/www.vg-gelsenkirchen.nrw.de\/\" target=\"_blank\" rel=\"noopener nofollow\">Verwaltungsgericht Gelsenkirchen<\/a><\/strong> im Eilverfahren durch Beschluss am 29.\u00a0Oktober 2025 entschieden.<\/p>\n<p class=\"text-align-justify\">In der Teutoburgia-Siedlung, nach Angaben der Stadt Herne im Internet eine der sch\u00f6nsten ehemaligen Bergarbeitersiedlungen im Revier, haben Anwohner ihre H\u00e4user und Vorg\u00e4rten zu Halloween unter anderem mit gro\u00dfen Gruselfiguren wie Gespenster- und Hexenpuppen sowie k\u00fcnstlichen Spinnennetzen an den Hausw\u00e4nden dekoriert.<\/p>\n<p>Die NGZ-News aus Gladbeck immer sofort auf das Handy?<br \/>Dann abonniere kostenlos den <a style=\"color: #ff0000;\" href=\"https:\/\/whatsapp.com\/channel\/0029VaAJZdH8F2pIH21PF72X\" target=\"_blank\" rel=\"noopener nofollow\">WhatsApp-Kanal<\/a><br \/>\nDie Gladbecker Zusammenfassung des Tages der NGZ?<br \/>Dann abonniere den kostenlosen <a href=\"https:\/\/neue-gladbecker-zeitung.de\/newsletter-2\/\" target=\"_blank\" rel=\"noopener nofollow\"><strong>Newsletter<\/strong><\/a><br \/>\nFolgen Sie uns auf Facebook: <strong><a style=\"color: #ff0000;\" href=\"https:\/\/www.facebook.com\/NeueGladbeckerZeitung\/\" target=\"_blank\" rel=\"noopener nofollow\">NeueGladbeckerZeitung<\/a><\/strong><\/p>\n<p class=\"text-align-justify\">Der au\u00dferhalb der Teutoburgia-Siedlung wohnende Antragsteller beschwerte sich bei der Stadt Herne \u00fcber die Halloween-Dekoration und begehrte mit seinem am 25. Oktober 2025 bei Gericht eingegangenen Eilantrag, die Stadt solle gegen die Dekoration vorgehen. Diese sei zu beseitigen, weil sie das historische Erscheinungsbild der unter Denkmalschutz stehenden Zechensiedlung grob beeintr\u00e4chtige.<\/p>\n<p class=\"text-align-justify\">Zudem w\u00fcrden die aufwendigen Halloween-Inszenierungen zahlreiche Besucher anlocken. Diese blockierten die Rettungswege. Anwohner w\u00fcrden sich \u00fcber L\u00e4rm und Falschparker beschweren. Die Reaktion der <strong><a style=\"color: #ff0000;\" href=\"https:\/\/www.herne.de\" target=\"_blank\" rel=\"noopener nofollow\">Stadt Herne<\/a><\/strong> mit verkehrslenkenden Ma\u00dfnahmen \u00fcbergehe das eigentliche Problem. Die Stadt m\u00fcsse den denkmalgerechten Zustand wiederherstellen.<\/p>\n<p class=\"text-align-justify\">Die 16.\u00a0Kammer des Verwaltungsgerichts Gelsenkirchen hat den Eilantrag als unzul\u00e4ssig abgelehnt. Dem Antragsteller fehlt bereits die Antragsbefugnis. Unter keinem rechtlichen Gesichtspunkt ist ersichtlich, dass er durch die Dekorationen zu Halloween in der Teutoburgia-Siedlung in eigenen Rechten verletzt sein und einen Anspruch auf ein Einschreiten der Stadt haben k\u00f6nnte.<\/p>\n<p class=\"text-align-justify\">Er hat weder Grundeigentum in der Siedlung noch wohnt er dort. Der Denkmalschutz besteht im \u00f6ffentlichen Interesse und dient nicht dem Schutz Einzelner, die in keinem r\u00e4umlichen Bezug zu dem gesch\u00fctzten Denkmal stehen. Unabh\u00e4ngig davon beeintr\u00e4chtigen die nur f\u00fcr einen kurzen Zeitraum vorhandenen Dekorationen den Denkmalwert nicht.<\/p>\n<p class=\"text-align-justify\">Der Beschluss ist noch nicht rechtskr\u00e4ftig. Dem Antragsteller steht die Beschwerde an das Oberverwaltungsgericht f\u00fcr das Land Nordrhein-Westfalen zu.<\/p>\n<p><strong>Aktenzeichen: 16 L 2124\/25<\/strong><\/p>\n<p><a style=\"color: #ff0000;\" href=\"https:\/\/neue-gladbecker-zeitung.de\" rel=\"nofollow noopener\" target=\"_blank\">Zur Startseite<\/a><\/p>\n","protected":false},"excerpt":{"rendered":"Voll auf die Nase gefallen ist ein Halloween-Gegnrr vor dem Verwaltungsgericht. Foto: pexels.com Verwaltungsgericht Gelsenkirchen: Halloween-Dekoration in Herne&hellip;\n","protected":false},"author":2,"featured_media":536516,"comment_status":"","ping_status":"","sticky":false,"template":"","format":"standard","meta":{"footnotes":""},"categories":[1848],"tags":[84797,8769,3364,131463,29,548,663,3934,16854,3658,30,13,22005,14,15,1209,12],"class_list":{"0":"post-536515","1":"post","2":"type-post","3":"status-publish","4":"format-standard","5":"has-post-thumbnail","7":"category-gelsenkirchen","8":"tag-halloween","9":"tag-verwaltungsgericht","10":"tag-de","11":"tag-dekorationen","12":"tag-deutschland","13":"tag-eu","14":"tag-europa","15":"tag-europe","16":"tag-gegner","17":"tag-gelsenkirchen","18":"tag-germany","19":"tag-headlines","20":"tag-herne","21":"tag-nachrichten","22":"tag-news","23":"tag-nordrhein-westfalen","24":"tag-schlagzeilen"},"share_on_mastodon":{"url":"https:\/\/pubeurope.com\/@de\/115460199346202759","error":""},"_links":{"self":[{"href":"https:\/\/www.europesays.com\/de\/wp-json\/wp\/v2\/posts\/536515","targetHints":{"allow":["GET"]}}],"collection":[{"href":"https:\/\/www.europesays.com\/de\/wp-json\/wp\/v2\/posts"}],"about":[{"href":"https:\/\/www.europesays.com\/de\/wp-json\/wp\/v2\/types\/post"}],"author":[{"embeddable":true,"href":"https:\/\/www.europesays.com\/de\/wp-json\/wp\/v2\/users\/2"}],"replies":[{"embeddable":true,"href":"https:\/\/www.europesays.com\/de\/wp-json\/wp\/v2\/comments?post=536515"}],"version-history":[{"count":0,"href":"https:\/\/www.europesays.com\/de\/wp-json\/wp\/v2\/posts\/536515\/revisions"}],"wp:featuredmedia":[{"embeddable":true,"href":"https:\/\/www.europesays.com\/de\/wp-json\/wp\/v2\/media\/536516"}],"wp:attachment":[{"href":"https:\/\/www.europesays.com\/de\/wp-json\/wp\/v2\/media?parent=536515"}],"wp:term":[{"taxonomy":"category","embeddable":true,"href":"https:\/\/www.europesays.com\/de\/wp-json\/wp\/v2\/categories?post=536515"},{"taxonomy":"post_tag","embeddable":true,"href":"https:\/\/www.europesays.com\/de\/wp-json\/wp\/v2\/tags?post=536515"}],"curies":[{"name":"wp","href":"https:\/\/api.w.org\/{rel}","templated":true}]}}