{"id":536570,"date":"2025-10-30T00:39:12","date_gmt":"2025-10-30T00:39:12","guid":{"rendered":"https:\/\/www.europesays.com\/de\/536570\/"},"modified":"2025-10-30T00:39:12","modified_gmt":"2025-10-30T00:39:12","slug":"der-sport-tag-keiner-hat-selbstvertrauen-dresden-kassiert-naechste-ueble-klatsche","status":"publish","type":"post","link":"https:\/\/www.europesays.com\/de\/536570\/","title":{"rendered":"Der Sport-Tag: &#8222;Keiner hat Selbstvertrauen&#8220;: Dresden kassiert n\u00e4chste \u00fcble Klatsche"},"content":{"rendered":"<p>                    Der Sport-Tag<br \/>\n                &#8222;Keiner hat Selbstvertrauen&#8220;: Dresden kassiert n\u00e4chste \u00fcble Klatsche<\/p>\n<p>\t\t\t\t              29.10.2025, 22:34 Uhr<\/p>\n<p>Auch nach sieben Wochen sind die <b>Dresdner Eisl\u00f6wen <\/b>noch immer nicht in der Deutschen Eishockey Liga (DEL) angekommen. Der Aufsteiger war beim <b>1:5 (0:1, 0:4, 1:0) gegen die N\u00fcrnberg Ice Tigers <\/b>einmal mehr chancenlos, das Team von Trainer Niklas Sundblad kassierte die zw\u00f6lfte Niederlage nacheinander. Der Neuling hat erst einen Sieg auf dem Konto. &#8222;Keiner hat Selbstvertrauen. Wir arbeiten daf\u00fcr, aber das Gl\u00fcck ist auch nicht auf unserer Seite&#8220;, sagte Verteidiger Oliver Granz bei MagentaSport. <b>Das Publikum in Dresden sei derzeit &#8222;leider das einzige, das erstklassig ist&#8220;.<\/b><\/p>\n<p>Ende September hatten die Eisl\u00f6wen klar in N\u00fcrnberg verloren (2:8), beim Wiedersehen war erneut nichts zu holen. Beim Stand von 2:0 f\u00fcr die Ice Tigers nach den Treffern durch Justus B\u00f6ttner (16.) und Charlie Gerard (24.) sorgten Tyler Spezia (31.), Greg Meireles (34.) sowie Owen Headrick (35.) in gut vier Minuten f\u00fcr klare Verh\u00e4ltnisse. Im letzten Drittel verk\u00fcrzte Andrew LeBlanc (44.).<\/p>\n","protected":false},"excerpt":{"rendered":"Der Sport-Tag &#8222;Keiner hat Selbstvertrauen&#8220;: Dresden kassiert n\u00e4chste \u00fcble Klatsche 29.10.2025, 22:34 Uhr Auch nach sieben Wochen sind&hellip;\n","protected":false},"author":2,"featured_media":536571,"comment_status":"","ping_status":"","sticky":false,"template":"","format":"standard","meta":{"footnotes":""},"categories":[1835],"tags":[3364,282,29,2386,30,131482,13370,859,24311,283],"class_list":{"0":"post-536570","1":"post","2":"type-post","3":"status-publish","4":"format-standard","5":"has-post-thumbnail","7":"category-dresden","8":"tag-de","9":"tag-der","10":"tag-deutschland","11":"tag-dresden","12":"tag-germany","13":"tag-keiner","14":"tag-klatsche","15":"tag-sachsen","16":"tag-selbstvertrauen","17":"tag-sport-tag"},"share_on_mastodon":{"url":"https:\/\/pubeurope.com\/@de\/115460332871773946","error":""},"_links":{"self":[{"href":"https:\/\/www.europesays.com\/de\/wp-json\/wp\/v2\/posts\/536570","targetHints":{"allow":["GET"]}}],"collection":[{"href":"https:\/\/www.europesays.com\/de\/wp-json\/wp\/v2\/posts"}],"about":[{"href":"https:\/\/www.europesays.com\/de\/wp-json\/wp\/v2\/types\/post"}],"author":[{"embeddable":true,"href":"https:\/\/www.europesays.com\/de\/wp-json\/wp\/v2\/users\/2"}],"replies":[{"embeddable":true,"href":"https:\/\/www.europesays.com\/de\/wp-json\/wp\/v2\/comments?post=536570"}],"version-history":[{"count":0,"href":"https:\/\/www.europesays.com\/de\/wp-json\/wp\/v2\/posts\/536570\/revisions"}],"wp:featuredmedia":[{"embeddable":true,"href":"https:\/\/www.europesays.com\/de\/wp-json\/wp\/v2\/media\/536571"}],"wp:attachment":[{"href":"https:\/\/www.europesays.com\/de\/wp-json\/wp\/v2\/media?parent=536570"}],"wp:term":[{"taxonomy":"category","embeddable":true,"href":"https:\/\/www.europesays.com\/de\/wp-json\/wp\/v2\/categories?post=536570"},{"taxonomy":"post_tag","embeddable":true,"href":"https:\/\/www.europesays.com\/de\/wp-json\/wp\/v2\/tags?post=536570"}],"curies":[{"name":"wp","href":"https:\/\/api.w.org\/{rel}","templated":true}]}}