{"id":537321,"date":"2025-10-30T08:11:10","date_gmt":"2025-10-30T08:11:10","guid":{"rendered":"https:\/\/www.europesays.com\/de\/537321\/"},"modified":"2025-10-30T08:11:10","modified_gmt":"2025-10-30T08:11:10","slug":"berlin-brandenburg-bahn-uebernimmt-leag-ausbildungswerkstatt-in-der-lausitz","status":"publish","type":"post","link":"https:\/\/www.europesays.com\/de\/537321\/","title":{"rendered":"Berlin &#038; Brandenburg: Bahn \u00fcbernimmt LEAG-Ausbildungswerkstatt in der Lausitz"},"content":{"rendered":"<p>                    Berlin &amp; Brandenburg<br \/>\n                Bahn \u00fcbernimmt LEAG-Ausbildungswerkstatt in der Lausitz<\/p>\n<p>\t\t\t\t              30.10.2025, 09:07 Uhr<\/p>\n<p><strong>Neue Chancen f\u00fcr junge Leute in der Lausitz: Die Bahn bildet ab 2027 mehr als 350 Azubis aus \u2013 und das mitten im Wandel der Region.<\/strong><\/p>\n<p>Cottbus\/J\u00e4nschwalde (dpa\/bb) &#8211; Die Deutsche Bahn (DB) hat die Ausbildungswerkstatt des Energieunternehmens LEAG in J\u00e4nschwalde bei Cottbus \u00fcbernommen. Damit sichere der Konzern mehr als 300 Auszubildenden in der Lausitz langfristige Perspektiven, teilte die DB mit. Ab 2027 sollen dort junge Menschen in technischen Berufen wie Elektroniker, Mechatroniker oder Industriemechaniker ausgebildet werden \u2013 auch f\u00fcr das neue ICE-Werk in Cottbus.\u00a0<\/p>\n<p>Brandenburgs Ministerpr\u00e4sident Dietmar Woidke sprach von einem &#8222;Erfolg des Strukturwandels&#8220;. Der SPD-Politiker sagte: &#8222;Die offizielle \u00dcbernahme der Ausbildungswerkstatt verdeutlicht: Unser Nachwuchs hat eine gute Zukunft in der Lausitz!&#8220; Die Region brauche dringend Arbeits- und Fachkr\u00e4fte. Die DB baue ihr ICE-Instandhaltungswerk in Cottbus aus und werde dort Ende n\u00e4chsten Jahres 1.200 Menschen besch\u00e4ftigen.<\/p>\n<p>DB-Personalvorstand Martin Seiler betonte, die \u00dcbernahme schaffe &#8222;echte Perspektiven&#8220; und sei ein Beitrag zur nachhaltigen Entwicklung der Region.<\/p>\n","protected":false},"excerpt":{"rendered":"Berlin &amp; Brandenburg Bahn \u00fcbernimmt LEAG-Ausbildungswerkstatt in der Lausitz 30.10.2025, 09:07 Uhr Neue Chancen f\u00fcr junge Leute in&hellip;\n","protected":false},"author":2,"featured_media":537322,"comment_status":"","ping_status":"","sticky":false,"template":"","format":"standard","meta":{"footnotes":""},"categories":[1816],"tags":[1960,1958,1959,1957,1739,296,1956,1890,29,30,6904,131668],"class_list":{"0":"post-537321","1":"post","2":"type-post","3":"status-publish","4":"format-standard","5":"has-post-thumbnail","7":"category-brandenburg","8":"tag-aktuelle-nachrichten-aus-berlin-und-brandenburg","9":"tag-aktuelle-nachrichten-aus-brandenburg","10":"tag-aktuelle-news-aus-berlin-und-brandenburg","11":"tag-aktuelle-news-aus-brandenburg","12":"tag-bahn","13":"tag-berlin","14":"tag-berlin-und-brandenburg","15":"tag-brandenburg","16":"tag-deutschland","17":"tag-germany","18":"tag-lausitz","19":"tag-leag-ausbildungswerkstatt"},"share_on_mastodon":{"url":"https:\/\/pubeurope.com\/@de\/115462110931473991","error":""},"_links":{"self":[{"href":"https:\/\/www.europesays.com\/de\/wp-json\/wp\/v2\/posts\/537321","targetHints":{"allow":["GET"]}}],"collection":[{"href":"https:\/\/www.europesays.com\/de\/wp-json\/wp\/v2\/posts"}],"about":[{"href":"https:\/\/www.europesays.com\/de\/wp-json\/wp\/v2\/types\/post"}],"author":[{"embeddable":true,"href":"https:\/\/www.europesays.com\/de\/wp-json\/wp\/v2\/users\/2"}],"replies":[{"embeddable":true,"href":"https:\/\/www.europesays.com\/de\/wp-json\/wp\/v2\/comments?post=537321"}],"version-history":[{"count":0,"href":"https:\/\/www.europesays.com\/de\/wp-json\/wp\/v2\/posts\/537321\/revisions"}],"wp:featuredmedia":[{"embeddable":true,"href":"https:\/\/www.europesays.com\/de\/wp-json\/wp\/v2\/media\/537322"}],"wp:attachment":[{"href":"https:\/\/www.europesays.com\/de\/wp-json\/wp\/v2\/media?parent=537321"}],"wp:term":[{"taxonomy":"category","embeddable":true,"href":"https:\/\/www.europesays.com\/de\/wp-json\/wp\/v2\/categories?post=537321"},{"taxonomy":"post_tag","embeddable":true,"href":"https:\/\/www.europesays.com\/de\/wp-json\/wp\/v2\/tags?post=537321"}],"curies":[{"name":"wp","href":"https:\/\/api.w.org\/{rel}","templated":true}]}}