{"id":537380,"date":"2025-10-30T08:45:21","date_gmt":"2025-10-30T08:45:21","guid":{"rendered":"https:\/\/www.europesays.com\/de\/537380\/"},"modified":"2025-10-30T08:45:21","modified_gmt":"2025-10-30T08:45:21","slug":"eine-taufe-vier-beerdigungen-bielefelder-kirchengemeinden-gehen-drastischen-schritt","status":"publish","type":"post","link":"https:\/\/www.europesays.com\/de\/537380\/","title":{"rendered":"\u201eEine Taufe, vier Beerdigungen\u201c: Bielefelder Kirchengemeinden gehen drastischen Schritt"},"content":{"rendered":"<p id=\"absatz1\" class=\"em_text\">Bielefeld. Es sind Hunderte Mitglieder, die die f\u00fcnf evangelischen Kirchengemeinden im Bielefelder S\u00fcden Jahr f\u00fcr Jahr verlieren. Etwa 800 oder 900, sch\u00e4tzt Pfarrer Volker Gravemeier. Die Gr\u00fcnde: Beerdigungen und Austritte. \u201eAuf eine Taufe kommen inzwischen vier Beerdigungen.\u201c Bis 2035 werde die Zahl der Mitglieder um etwa ein Viertel schrumpfen. Deshalb gehen die Gemeinden Brackwede, Quelle-Brock, Senne-Emmaus, Sennestadt und Ummeln jetzt gemeinsam einen drastischen Schritt. Es soll auch ein Aufbruch werden.<\/p>\n<p id=\"absatz2\" class=\"em_text\">Aus sechs mach\u2019 eins: Zum 1. Januar 2026 fusionieren die f\u00fcnf Gemeinden und ihr bisheriges finanzielles Dach, der Verband der evangelischen Kirchengemeinden in Brackwede, zur neuen \u201eEvangelische Kirchengemeinde Bielefeld-S\u00fcd\u201c \u2013 mit dann zusammen rund 20.500 Mitgliedern. Die Gemeindestrukturen vor Ort werden r\u00fcckgebaut, Stellen reduziert, zahlreiche Aussch\u00fcsse, Presbyterien und der Verband zum Jahresende aufgel\u00f6st.<\/p>\n<p id=\"absatz4\" class=\"em_text\">Die neue Kirchengemeinde sei Rechtsnachfolgerin aller bisherigen Gemeinden und des Verbands, betont Gravemeier.<\/p>\n<p>Phase des Abschieds f\u00fcr Mitarbeiter und Presbyterien<\/p>\n<p id=\"absatz5\" class=\"em_text\">Alle rund 40 Mitarbeiterinnen und Mitarbeiter in Teil- und Vollzeit und ihre Vertr\u00e4ge w\u00fcrden \u00fcbernommen. K\u00fcndigungen werde es nicht geben. \u201eWir sind uns sicher, den notwendigen Personalabbau durch nat\u00fcrliche Fluktuation nach und nach zu erreichen.\u201c<\/p>\n<p id=\"absatz6\" class=\"em_text\">Umstellen m\u00fcssen sich auch die engagierten Gemeindemitglieder, die Verantwortung abgeben und mehr in die Entscheidungen anderer vertrauen m\u00fcssten, so Gravemeier. \u201eAn die Stelle von bisher f\u00fcnf leitenden Presbyterien mit zusammen 50 Mitgliedern sowie diversen Aussch\u00fcssen tritt ein einziges Leitungsgremium mit 20 Mitgliedern und f\u00fcnf Fachaussch\u00fcssen\u201c, erkl\u00e4rt der Pfarrer f\u00fcr Senne und Sennestadt die neue Struktur.<\/p>\n<p id=\"absatz7\" class=\"em_text\">Bis zum 11. November bestimmen die f\u00fcnf S\u00fcd-Gemeinden jeweils nur drei Mitglieder, die sie zuk\u00fcnftig im sogenannten \u201eBevollm\u00e4chtigungsausschuss\u201c vertreten. \u201eDieser wird bis zur n\u00e4chsten Kirchenwahl 2028 die Leitung der neuen Kirchengemeinde \u00fcbernehmen\u201c, so Gravemeier, der bis zur ersten konstituierenden Sitzung im Januar mit Wahl des oder der Vorsitzenden die Leitung \u00fcbernimmt.<\/p>\n<p>Pfarrer Gravemeier: \u201eWir wollten endlich vor die Lage kommen\u201c<\/p>\n<p id=\"absatz8\" class=\"em_text\">Die Fusion sei nicht nur notwendige Reaktion auf den Mitgliederschwund, sondern gehe einen Schritt weiter. \u201eWir wollten endlich vor die Lage kommen und wieder aktiv unsere Zukunft gestalten\u201c, so der 56-J\u00e4hrige, f\u00fcr den es bereits die dritte Fusion ist, die er in seinem Berufsleben begleitet. Dass sich Kirche modernisieren m\u00fcsse, sei inzwischen allen bewusst. Bereits vor zwei Jahren habe der Prozess begonnen.<\/p>\n<p id=\"absatz9\" class=\"em_text\">Doch ohne auch schmerzhafte Einschnitte wird es nicht gehen, die Zahl der Pfarrerinnen und Pfarrer \u2013 im Moment sind es noch sieben sowie zwei Diakoninnen im Bielefelder S\u00fcden \u2013 deutlich schrumpfen. Dabei ist unklar, ob die Stelle von Pfarrerin Angela Bohd\u00e1lkov\u00e1  (bisher in Sennestadt) wiederbesetzt werden kann, die jetzt als Seelsorgerin zur Justizvollzugsanstalt Senne wechselt. Es fehlen Nachfolger. Gleichzeitig reduziere sich der Personalschl\u00fcssel f\u00fcr Pfarrstellen in der evangelischen Kirche mit 2026 von einer Stelle je 3.000 Gemeindemitglieder auf 4.000 Mitglieder, erkl\u00e4rt Gravemeier.<\/p>\n<p id=\"absatz10\"><b class=\"bold\">Lesen Sie auch:<\/b><a href=\"https:\/\/www.nw.de\/lokal\/bielefeld\/mitte\/23909113_Gemeindehaus-vor-Abriss-Bielefelder-Initiative-kaempft-fuer-Nachbarschaftszentrum.html\" target=\"_blank\" rel=\"noopener\"> Gemeindehaus vor Abriss Bielefelder Initiative k\u00e4mpft f\u00fcr Nachbarschaftszentrum<\/a><\/p>\n<p>Bielefelder Gemeindeh\u00e4user und Kirchen vor dem Verkauf?<\/p>\n<p>        <a href=\"https:\/\/www.nw.de\/_em_daten\/_cache\/image\/1xNlFoNXM1b2lhd1RpZ2c4eXA3MXIydXFoM0UyRUZZVXdGRU9Zc2ZyejZBRnNsRHVjdE1zM0J0M2lCenUyMTBhN0dORUdaR25XdmtTQmVJUHFhbHI1eEFxaElldmVvUFk4QmlodHNscUpsMWc9\/251030-0803-655280172.jpg\" class=\"nw-article-image\" title=\"Die Bartholom\u00e4uskirche im Herzen Brackwedes steht unter Denkmalschutz und soll trotz sehr hoher Unterhaltungskosten in der Hand der Kirche bleiben. Andere Geb\u00e4ude stehen zur Diskussion.\" data-glightbox=\"type: image; description: Die Bartholom\u00e4uskirche im Herzen Brackwedes steht unter Denkmalschutz und soll trotz sehr hoher Unterhaltungskosten in der Hand der Kirche bleiben. Andere Geb\u00e4ude stehen zur Diskussion.  | \u00a9 Felix Brenneke \" target=\"_blank\" rel=\"noopener\"><br \/>\n            <img decoding=\"async\" src=\"https:\/\/www.europesays.com\/de\/wp-content\/uploads\/2025\/10\/251030-0803-655280172.jpg\" class=\"nw-img-fluid nw-w-full nw-lazy nw-rounded-t-md\" alt=\"Die Bartholom\u00e4uskirche im Herzen Brackwedes steht unter Denkmalschutz und soll trotz sehr hoher Unterhaltungskosten in der Hand der Kirche bleiben. Andere Geb\u00e4ude stehen zur Diskussion. - \u00a9 Felix Brenneke\" data-format=\"16:9\"\/><br \/>\n        <\/a><\/p>\n<p>                Die Bartholom\u00e4uskirche im Herzen Brackwedes steht unter Denkmalschutz und soll trotz sehr hoher Unterhaltungskosten in der Hand der Kirche bleiben. Andere Geb\u00e4ude stehen zur Diskussion.<br \/>\n                                    | \u00a9 Felix Brenneke<\/p>\n<p id=\"absatz12\" class=\"em_text\">In einem Fachausschuss Bauen kommen zudem Gemeindeh\u00e4user und Kirchen der neuen Gemeinde auf den Pr\u00fcfstand, nicht alle werden erhalten bleiben. Zu hoch sind die Kosten. Allein f\u00fcr die Unterhaltung der Bartholom\u00e4uskirche in Brackwede w\u00fcrden rund 100.000 Euro pro Jahr f\u00e4llig, sagt Gravemeier.<\/p>\n<p id=\"absatz13\" class=\"em_text\">Hinzu komme, dass die evangelische Kirche ihre Geb\u00e4ude bis 2040 klimaneutral macht. \u201eWir werden die Geb\u00e4ude, die wir behalten, also ert\u00fcchtigen m\u00fcssen.\u201c Geb\u00e4ude, die wie die Bartholom\u00e4uskirche oder die Ummelner Kirche unter Denkmalschutz stehen, sollen jedoch in der Hand der Kirche bleiben. Andere k\u00f6nnten \u00f6kumenisch genutzt werden. Eine neue \u201eGeb\u00e4udestrategie\u201c soll ab Januar erarbeitet werden. Vieles sei denkbar, sagen Gravemeier und sein Kollege Pfarrer Stefan Prill (37).<\/p>\n<p id=\"absatz14\" class=\"em_text\">Sie versprechen, ein lebendiges Gemeindeleben werde es weiterhin an allen f\u00fcnf Standorten geben. Standortaussch\u00fcsse sollen das Engagement vor Ort erm\u00f6glichen und eine neue App namens <a href=\"https:\/\/churchdesk.com\/de\/\" rel=\"noopener\" target=\"_blank\">\u201eChurch Desk\u201c<\/a>, die Zusammenarbeit und Koordination von Angeboten erleichtern.<\/p>\n<p id=\"absatz15\" class=\"em_text\">Das Pastoralteam teilt sich k\u00fcnftig in zwei Regionen auf, erkl\u00e4rt Prill. Quelle, Ummeln, Brackwede bilden eine Einheit, Senne und Sennestadt die andere. Unter anderem der Konfirmandenunterricht werde hier in Teilen gemeinsam stattfinden, und tue es bereits.<\/p>\n<p id=\"absatz16\"><b class=\"bold\">Gro\u00dfer Umbruch f\u00fcr Bielefelder Kirchen: <\/b><a href=\"https:\/\/www.nw.de\/lokal\/bielefeld\/mitte\/24033623_Grosser-Umbruch-fuer-Bielefelder-Kirchen-Was-sich-nun-aendert.html\" target=\"_blank\" rel=\"noopener\">Was sich nun \u00e4ndert <\/a><\/p>\n<p>Fusion erm\u00f6glicht neue Jugendfreizeit in Bielefeld<\/p>\n<p id=\"absatz17\" class=\"em_text\">Manches werde durch das Zusammenwachsen sogar jetzt erst m\u00f6glich, erkl\u00e4rt der Pfarrer f\u00fcr Ummeln und Brackwede. Ein gutes Beispiel sei die neue Jugendfreizeit nach S\u00fcd-Norwegen in die N\u00e4he von Oslo und Kristiansand, die in diesem Sommer erstmals von den f\u00fcnf Kirchengemeinden gemeinsam organisiert worden sei. Eine solche Jugendfreizeit h\u00e4tten die einzelnen Gemeinden zuvor \u00fcber Jahre nicht mehr anbieten k\u00f6nnen. Gemeinsam konnte gen\u00fcgend Ehrenamtliche f\u00fcr die Begleitung gefunden werden. F\u00fcr das kommende Jahr sei die H\u00e4lfte der 60 Pl\u00e4tze schon jetzt ausgebucht. Die Fusion schafft neue Spielr\u00e4ume. Und Zuversicht.<\/p>\n<p id=\"absatz18\" class=\"em_text\">Ein neues Siegel, ein neues Logo, eine <a href=\"https:\/\/www.gemeinsamaufdemweg-bisued.de\/\" rel=\"noopener\" target=\"_blank\">neue Webseite f\u00fcr die neue Evangelische Kirchengemeinde Bielefeld-S\u00fcd<\/a> (Kirchenkreis G\u00fctersloh) sind dagegen noch in Arbeit. Am 11. Januar wird es um 11 Uhr einen Vereinigungsgottesdienst geben \u2013 in der Bartholom\u00e4uskirche im Herzen Brackewedes. Die Festpredigt h\u00e4lt Superintendent Frank Schneider.<\/p>\n<p id=\"absatz19\"><b class=\"bold\">Besondere Kirche:<\/b> <a href=\"https:\/\/www.nw.de\/lokal\/bielefeld\/mitte\/24065038_Ein-Gotteshaus-wie-ein-Theater-Diese-Bielefelder-Kirche-ist-aussergewoehnlich.html\" target=\"_blank\" rel=\"noopener\">Ein Gotteshaus wie ein Theater: Diese Bielefelder Kirche ist au\u00dfergew\u00f6hnlich <\/a><\/p>\n","protected":false},"excerpt":{"rendered":"Bielefeld. Es sind Hunderte Mitglieder, die die f\u00fcnf evangelischen Kirchengemeinden im Bielefelder S\u00fcden Jahr f\u00fcr Jahr verlieren. Etwa&hellip;\n","protected":false},"author":2,"featured_media":537381,"comment_status":"","ping_status":"","sticky":false,"template":"","format":"standard","meta":{"footnotes":""},"categories":[1841],"tags":[23658,1605,28242,3364,29,30,22265,131679,9311,9307,732,1611,1608,2378,16401,734,736,24009,1613,1209,17408,22767,20749],"class_list":{"0":"post-537380","1":"post","2":"type-post","3":"status-publish","4":"format-standard","5":"has-post-thumbnail","7":"category-bielefeld","8":"tag-beerdigung","9":"tag-bielefeld","10":"tag-brackwede","11":"tag-de","12":"tag-deutschland","13":"tag-germany","14":"tag-kirchengemeinde","15":"tag-kirchensterben","16":"tag-label_familie-freizeit","17":"tag-label_foto","18":"tag-label_frei","19":"tag-label_informiere-mich","20":"tag-label_top-news","21":"tag-label_umfrage","22":"tag-label_xxl-200","23":"tag-meta_artikelklasse_nachricht","24":"tag-meta_copyrights_nw","25":"tag-meta_themen_sonstiges","26":"tag-meta_userneeds_informieremich","27":"tag-nordrhein-westfalen","28":"tag-sennestadt","29":"tag-taufe","30":"tag-ummeln"},"share_on_mastodon":{"url":"https:\/\/pubeurope.com\/@de\/115462245020794641","error":""},"_links":{"self":[{"href":"https:\/\/www.europesays.com\/de\/wp-json\/wp\/v2\/posts\/537380","targetHints":{"allow":["GET"]}}],"collection":[{"href":"https:\/\/www.europesays.com\/de\/wp-json\/wp\/v2\/posts"}],"about":[{"href":"https:\/\/www.europesays.com\/de\/wp-json\/wp\/v2\/types\/post"}],"author":[{"embeddable":true,"href":"https:\/\/www.europesays.com\/de\/wp-json\/wp\/v2\/users\/2"}],"replies":[{"embeddable":true,"href":"https:\/\/www.europesays.com\/de\/wp-json\/wp\/v2\/comments?post=537380"}],"version-history":[{"count":0,"href":"https:\/\/www.europesays.com\/de\/wp-json\/wp\/v2\/posts\/537380\/revisions"}],"wp:featuredmedia":[{"embeddable":true,"href":"https:\/\/www.europesays.com\/de\/wp-json\/wp\/v2\/media\/537381"}],"wp:attachment":[{"href":"https:\/\/www.europesays.com\/de\/wp-json\/wp\/v2\/media?parent=537380"}],"wp:term":[{"taxonomy":"category","embeddable":true,"href":"https:\/\/www.europesays.com\/de\/wp-json\/wp\/v2\/categories?post=537380"},{"taxonomy":"post_tag","embeddable":true,"href":"https:\/\/www.europesays.com\/de\/wp-json\/wp\/v2\/tags?post=537380"}],"curies":[{"name":"wp","href":"https:\/\/api.w.org\/{rel}","templated":true}]}}