{"id":537925,"date":"2025-10-30T13:51:20","date_gmt":"2025-10-30T13:51:20","guid":{"rendered":"https:\/\/www.europesays.com\/de\/537925\/"},"modified":"2025-10-30T13:51:20","modified_gmt":"2025-10-30T13:51:20","slug":"abschiebe-pakt-nahost-ukraine-krieg-merz-spricht-live-bei-erdogan-politik","status":"publish","type":"post","link":"https:\/\/www.europesays.com\/de\/537925\/","title":{"rendered":"Abschiebe-Pakt, Nahost, Ukraine-Krieg: Merz spricht live bei Erdogan | Politik"},"content":{"rendered":"<p>Ankara \u2013 <b>Der Kanzler Friedrich Merz ist zum Antrittsbesuch in der t\u00fcrkischen Hauptstadt Ankara! Nach vorangegangenen Vier-Augen-Gespr\u00e4chen zwischen ihm und dem t\u00fcrkischen Pr\u00e4sidenten Recep Tayyip Erdogan (71) treten die beiden Staats- und Regierungschefs jetzt in einer gemeinsamen Pressekonferenz vor die Presse.<\/b><\/p>\n<p>Auch interessant<\/p>\n<p>Anzeige<\/p>\n<p>Auch interessant<\/p>\n<p>Anzeige<\/p>\n<p>Im Fokus stehen vor allem der deutsche Wunsch nach einem neuen Migrationsabkommen, die Lage im Nahen Osten und der Krieg in der <a href=\"https:\/\/www.bild.de\/news\/ausland\/ukraine\/thema-ukraine-alle-infos-80028690.bild.html\" class=\"text-link\" rel=\"nofollow noopener\" target=\"_blank\">Ukraine<\/a>.<\/p>\n<p><b>Gleich zu Beginn der Pressekonferenz strahlen die beiden M\u00e4nner gro\u00dfe Harmonie aus: Erdogan bedankt sich bei seinem \u201ewerten Freund Kanzler Merz\u201c f\u00fcr dessen Besuch. Merz erwidert die Freundlichkeit und bedankt sich fast \u00fcberschw\u00e4nglich f\u00fcr die Einladung.<\/b><\/p>\n<p>Dabei betont Merz auch das Jubil\u00e4um des Anwerbeabkommens zwischen Deutschland und der T\u00fcrkei: Genau heute vor 60 Jahren wurde das Abkommen zwischen den beiden L\u00e4ndern geschlossen. Das Ziel damals: die Anwerbung t\u00fcrkischer Arbeitskr\u00e4fte f\u00fcr Deutschland.<\/p>\n<p>Mehr zum Thema<\/p>\n<p><b>Beide Staats- und Regierungschefs w\u00fcrdigten in ihren Erkl\u00e4rungen die \u201egute Partnerschaft und Zusammenarbeit\u201c der beiden L\u00e4nder. Gerade wirtschaftlich wolle man in Zukunft noch mehr zusammenarbeiten.<\/b><\/p>\n<p>Sp\u00fcrbare Uneinigkeit gab es nur bei dem Thema Nahost. Der t\u00fcrkische Pr\u00e4sident sprach von einem \u201eV\u00f6lkermord\u201c in Gaza, gemeint damit: Israels Verteidigungsma\u00dfnahmen nach dem Terrorangriff des 7. Oktobers 2023. Der Kanzler ging auf die Provokation nicht direkt ein, dankte stattdessen Erdogan f\u00fcr sein Mitwirken an dem Friedensvertrag, der zur Freilassung der israelischen Geiseln f\u00fchrte. Dabei betonte Merz auch den Terror der Hamas vom 7. Oktober als Ausgangspunkt und das daraus folgende Recht Israels zur Selbstverteidigung.<\/p>\n<p>Die entscheidenden Themen im Vorfeld des Treffens<\/p>\n<p><a href=\"https:\/\/www.bild.de\/politik\/leute\/friedrich-merz\/friedrich-merz-alle-infos-76682054.bild.html\" class=\"text-link\" rel=\"nofollow noopener\" target=\"_blank\"><b>Kanzler Merz<\/b><\/a><b> hat die <\/b><a href=\"https:\/\/www.bild.de\/news\/ausland\/tuerkei\/thema-tuerkei-alle-infos-80032998.bild.html\" class=\"text-link\" rel=\"nofollow noopener\" target=\"_blank\"><b>T\u00fcrkei<\/b><\/a><b> bewusst als sein erstes Reiseziel au\u00dferhalb der EU und der USA gew\u00e4hlt, um bei zentralen Schl\u00fcsselthemen voranzukommen, bei denen sein Vorg\u00e4nger Olaf Scholz nur bedingt erfolgreich war. Die Kernpunkte:<\/b><\/p>\n<p>\u25b6 <b>Migration und Abschiebungen:<\/b> Das f\u00fcr Merz wichtigste Anliegen. Er will mit <a href=\"https:\/\/www.bild.de\/politik\/leute\/recep-tayyip-erdogan\/thema-recep-tayyip-erdogan-alle-infos-80011834.bild.html\" class=\"text-link\" rel=\"nofollow noopener\" target=\"_blank\">Erdogan<\/a> verbindliche Vereinbarungen zur R\u00fccknahme abgelehnter Asylbewerber aus der T\u00fcrkei treffen. Mit 22.560 ausreisepflichtigen t\u00fcrkischen Staatsb\u00fcrgern (Stand Ende September) ist die T\u00fcrkei ein Schl\u00fcsselland. Dar\u00fcber hinaus hofft Merz auf Erdogans Unterst\u00fctzung, um Abschiebungen nach Syrien zu erm\u00f6glichen.<\/p>\n<p><img decoding=\"async\" width=\"992\" height=\"558\" alt=\"Vor den gemeinsamen Gespr\u00e4chen empfing Erdogan den deutschen Kanzler mit milit\u00e4rischen Ehren\" src=\"https:\/\/www.europesays.com\/de\/wp-content\/uploads\/2025\/10\/55ccf018950168f815c3f8dceac99c63,9147fc89\"   class=\"landscape\" loading=\"lazy\"\/><\/p>\n<p class=\"fig__caption__text\">Vor den gemeinsamen Gespr\u00e4chen empfing Erdogan den deutschen Kanzler mit milit\u00e4rischen Ehren<\/p>\n<p>Foto: ADEM ALTAN\/AFP<\/p>\n<p>\u25b6 <b>Nahost-Konflikt:<\/b> Trotz Erdogans scharfer Rhetorik gegen Israel und seiner Bezeichnung der Hamas als \u201eWiderstandsorganisation\u201c setzt Merz auf dessen Kontakte. Der t\u00fcrkische Pr\u00e4sident soll dabei helfen, eine Entwaffnung der Terrororganisation anl\u00e4sslich eines Friedensabkommens zu vermitteln. Die Erfolgsaussichten gelten als \u00e4u\u00dferst ungewiss.<\/p>\n<p>\u25b6 <b>Ukraine-Krieg:<\/b> Die T\u00fcrkei unterh\u00e4lt enge Beziehungen zu beiden Kriegsparteien und beteiligt sich nicht an den westlichen Sanktionen gegen Russland. Merz will das Thema dennoch ansprechen und f\u00fcr eine st\u00e4rkere Unterst\u00fctzung der Ukraine werben. Ein Kurswechsel Erdogans wird hier jedoch nicht erwartet.<\/p>\n<p>Die besondere Rolle von Charlotte Merz<\/p>\n<p><b>F\u00fcr eine erste \u00dcberraschung sorgte schon im Vorfeld Kanzler-Gattin Charlotte Merz (64). Ihre Anwesenheit bei einem Arbeitsbesuch dieser Art ist ungew\u00f6hnlich und geht auf eine pers\u00f6nliche Initiative der t\u00fcrkischen First Lady Emine Erdogan (70) zur\u00fcck.<\/b><\/p>\n<p><img decoding=\"async\" width=\"992\" height=\"558\" alt=\"Friedrich Merz wird in Ankara von seiner Frau Charlotte begleitet\" src=\"https:\/\/www.europesays.com\/de\/wp-content\/uploads\/2025\/10\/4fb31f9398c24dcb5b83c97c228d8c79,26377104\"   class=\"landscape\" loading=\"lazy\"\/><\/p>\n<p class=\"fig__caption__text\">Friedrich Merz wird in Ankara von seiner Frau Charlotte begleitet<\/p>\n<p>Foto: Michael Kappeler\/dpa<\/p>\n<p>Die Einladung wurde demnach bereits beim Nato-Gipfel im Juni in Den Haag ausgesprochen. Pr\u00e4sident Erdogan, bekannt als Familienmensch, begr\u00fc\u00dfte die Geste. Am Morgen besuchte das Paar gemeinsam das Atat\u00fcrk-Mausoleum.<\/p>\n<p><b>Beim festlichen Dinner am Abend werden sich Charlotte Merz und Emine Erdogan nun pers\u00f6nlich kennenlernen. Eine Geste auf pers\u00f6nlicher Ebene, die die oft schwierigen politischen Verhandlungen begleiten soll.<\/b><\/p>\n","protected":false},"excerpt":{"rendered":"Ankara \u2013 Der Kanzler Friedrich Merz ist zum Antrittsbesuch in der t\u00fcrkischen Hauptstadt Ankara! Nach vorangegangenen Vier-Augen-Gespr\u00e4chen zwischen&hellip;\n","protected":false},"author":2,"featured_media":537926,"comment_status":"","ping_status":"","sticky":false,"template":"","format":"standard","meta":{"footnotes":""},"categories":[3],"tags":[1207,12844,76644,13,32,7882,14,15,3082,307,12,45,10,8,9,11,143,317,103,104],"class_list":{"0":"post-537925","1":"post","2":"type-post","3":"status-publish","4":"format-standard","5":"has-post-thumbnail","7":"category-welt","8":"tag-ankara","9":"tag-bundeskanzler","10":"tag-erdogan-recep-tayyip","11":"tag-headlines","12":"tag-merz-friedrich","13":"tag-migrationspolitik","14":"tag-nachrichten","15":"tag-news","16":"tag-putin-wladimir","17":"tag-russland","18":"tag-schlagzeilen","19":"tag-texttospeech","20":"tag-top-news","21":"tag-top-meldungen","22":"tag-topmeldungen","23":"tag-topnews","24":"tag-tuerkei","25":"tag-ukraine","26":"tag-welt","27":"tag-world"},"share_on_mastodon":{"url":"https:\/\/pubeurope.com\/@de\/115463447809252543","error":""},"_links":{"self":[{"href":"https:\/\/www.europesays.com\/de\/wp-json\/wp\/v2\/posts\/537925","targetHints":{"allow":["GET"]}}],"collection":[{"href":"https:\/\/www.europesays.com\/de\/wp-json\/wp\/v2\/posts"}],"about":[{"href":"https:\/\/www.europesays.com\/de\/wp-json\/wp\/v2\/types\/post"}],"author":[{"embeddable":true,"href":"https:\/\/www.europesays.com\/de\/wp-json\/wp\/v2\/users\/2"}],"replies":[{"embeddable":true,"href":"https:\/\/www.europesays.com\/de\/wp-json\/wp\/v2\/comments?post=537925"}],"version-history":[{"count":0,"href":"https:\/\/www.europesays.com\/de\/wp-json\/wp\/v2\/posts\/537925\/revisions"}],"wp:featuredmedia":[{"embeddable":true,"href":"https:\/\/www.europesays.com\/de\/wp-json\/wp\/v2\/media\/537926"}],"wp:attachment":[{"href":"https:\/\/www.europesays.com\/de\/wp-json\/wp\/v2\/media?parent=537925"}],"wp:term":[{"taxonomy":"category","embeddable":true,"href":"https:\/\/www.europesays.com\/de\/wp-json\/wp\/v2\/categories?post=537925"},{"taxonomy":"post_tag","embeddable":true,"href":"https:\/\/www.europesays.com\/de\/wp-json\/wp\/v2\/tags?post=537925"}],"curies":[{"name":"wp","href":"https:\/\/api.w.org\/{rel}","templated":true}]}}