{"id":537927,"date":"2025-10-30T13:52:17","date_gmt":"2025-10-30T13:52:17","guid":{"rendered":"https:\/\/www.europesays.com\/de\/537927\/"},"modified":"2025-10-30T13:52:17","modified_gmt":"2025-10-30T13:52:17","slug":"gewerbesteuerskandal-in-sande-buerger-empoeren-sich-in-sitzung","status":"publish","type":"post","link":"https:\/\/www.europesays.com\/de\/537927\/","title":{"rendered":"Gewerbesteuerskandal in Sande: B\u00fcrger emp\u00f6ren sich in Sitzung"},"content":{"rendered":"<p>        <img decoding=\"async\" src=\"https:\/\/www.europesays.com\/de\/wp-content\/uploads\/2025\/10\/gewerbesteuer-108.webp\" alt=\"B\u00fcrger sitzen einem Finanzausschuss in Sande bei.\" title=\"B\u00fcrger sitzen einem Finanzausschuss in Sande bei. | NDR, Frank Jakobs\" class=\"responsive\"\/><\/p>\n<p>\n            Stand: 30.10.2025 14:33 Uhr<\/p>\n<p class=\"preface\">Die Gemeinde Sande (Landkreis Friesland) hat am Mittwoch in einer Extra-Sitzung Fragen der B\u00fcrger zu den nicht berechneten Gewerbesteuereinnahmen beantwortet. In Zukunft soll mehr kontrolliert werden.<\/p>\n<p class=\"textauthor\">von Frank Jakobs<\/p>\n<p class=\"\">Rund 80 Menschen aus der Gemeinde <a href=\"https:\/\/www.ndr.de\/nachrichten\/ndrdata\/zensus-sande-bevoelkerung-wohnungen-familie-heizung,zensus1530.html\" title=\"Zensus-Daten f\u00fcr die Einheitsgemeinde Sande\" rel=\"nofollow noopener\" target=\"_blank\">Sande<\/a> (<a href=\"https:\/\/www.ndr.de\/nachrichten\/ndrdata\/zensus-landkreisfriesland-bevoelkerung-wohnungen-familie-heizung,zensus420.html\" title=\"Zensus-Daten f\u00fcr den Landkreis Friesland\" rel=\"nofollow noopener\" target=\"_blank\">Landkreis Friesland<\/a>) waren zur Finanzausschusssitzung gekommen. Sie wollten Antworten zum Gewerbesteuerskandal haben. Die Sitzung verlief zum Teil sehr emotional: Es gab Applaus von den B\u00fcrgern f\u00fcr vorwurfsvolle Fragen an B\u00fcrgermeister Stephan Eiklenborg (parteilos) und h\u00f6hnisches Gel\u00e4chter und Raunen, wenn Eiklenborg eine Antwort verweigerte und auf das laufende Ermittlungsverfahren verwies.<\/p>\n<p>        <img decoding=\"async\" src=\"https:\/\/www.europesays.com\/de\/wp-content\/uploads\/2025\/10\/1761832334_729_sande-100.webp\" alt=\"Das Rathaus in Sande (Landkreis Friesland).\" title=\"Das Rathaus in Sande (Landkreis Friesland). | Frank Jakobs, NDR\" class=\"responsive\" loading=\"lazy\"\/><\/p>\n<p>Eine Mitarbeiterin hat Gewerbesteuern nicht oder falsch abgerechnet. Die Verwaltung soll Hinweise darauf ignoriert haben.<\/p>\n<p>    Hinweise nicht beachtet<\/p>\n<p class=\"\">Henning Hamb\u00f6rger, der bis 2023 ein Fahrradfachgesch\u00e4ft betrieben hat, sagte dem NDR, dass die Gemeinde von ihm keine Gewerbesteuer eingezogen habe. Ob und wie viel er nun nachbezahlen m\u00fcsse, wisse er bisher nicht. Unternehmerin Brigitte Belz berichtete, dass f\u00fcr ihren Betrieb von 2014 bis 2016 keine Gewerbesteuer berechnet worden sei. Sie sei im Jahr 2017 dann pers\u00f6nlich zur Gemeinde gegangen und habe die Steuerzahlung veranlasst. Schon da h\u00e4tten K\u00e4mmerer und B\u00fcrgermeister die F\u00e4lle kontrollieren m\u00fcssen, sagte sie.<\/p>\n<p>    Keine Kontrollen vorgesehen<\/p>\n<p class=\"\">B\u00fcrgermeister Eiklenborg verwies darauf, dass die Sachbearbeiter f\u00fcr die Gewerbesteuer ihre Aufgaben grunds\u00e4tzlich selbstst\u00e4ndig erledigten und keine gesonderten Kontrollen vorgesehen seien. Das habe man nach diesem Fall ge\u00e4ndert. Die Bescheide w\u00fcrden nun mehrfach gepr\u00fcft, so Eiklenborg. Zudem w\u00fcrden die Bescheide im n\u00e4chsten Jahr in elektronischer Form \u00fcbermittelt, dadurch k\u00f6nne so etwas nicht mehr passieren.<\/p>\n<p>    780 Bescheide nicht bearbeitet<\/p>\n<p class=\"\">Nach bisherigen Ermittlungen durch den K\u00e4mmerer sind laut Eiklenborg etwa 780 Bescheide nicht bearbeitet worden. Eine konkrete Schadensh\u00f6he nannte der B\u00fcrgermeister nicht. Es m\u00fcssten erst alle Einzelf\u00e4lle betrachtet werden. Eine Mitarbeiterin der Gemeinde Sande hatte \u00fcber Jahre die Gewerbesteuereinnahmen falsch oder gar nicht berechnet. Viele Betriebe in Sande werden Steuern nachzahlen m\u00fcssen. Die Staatsanwaltschaft Oldenburg ermittelt.<\/p>\n<p>        <img decoding=\"async\" src=\"https:\/\/www.europesays.com\/de\/wp-content\/uploads\/2025\/10\/1761832334_729_sande-100.webp\" alt=\"Das Rathaus in Sande (Landkreis Friesland).\" title=\"Das Rathaus in Sande (Landkreis Friesland). | Frank Jakobs, NDR\" class=\"responsive\" loading=\"lazy\"\/><\/p>\n<p>Eine Mitarbeiterin hat Gewerbesteuern nicht oder falsch abgerechnet. Die Verwaltung soll Hinweise darauf ignoriert haben.<\/p>\n<p>        <img decoding=\"async\" src=\"https:\/\/www.europesays.com\/de\/wp-content\/uploads\/2025\/10\/erbschaftssteuer-190.webp\" alt=\"Auf Geldscheinen befinden sich Buchstabenw\u00fcrfel mit Schriftz\u00fcgen.\" title=\"Auf Geldscheinen befinden sich Buchstabenw\u00fcrfel mit Schriftz\u00fcgen. | picture alliance \/ ZB | Sascha Steinach\" class=\"responsive\" loading=\"lazy\"\/><\/p>\n<p>2024 wurden deutlich mehr Verm\u00f6gen vererbt oder verschenkt. Die festgesetzte Steuer stieg auf fast 900 Millionen Euro.<\/p>\n<p>        <img decoding=\"async\" src=\"https:\/\/www.europesays.com\/de\/wp-content\/uploads\/2025\/10\/hund-410.webp\" alt=\"Eine Frau geht mit ihrem Hund spazieren.\" title=\"Eine Frau geht mit ihrem Hund spazieren. | picture alliance\/dpa, Christophe Gateau\" class=\"responsive\" loading=\"lazy\"\/><\/p>\n<p>Zum Welthundetag hat der Steuerzahlerbund seine Analyse ver\u00f6ffentlicht. Diese zeigt gro\u00dfe regionale Unterschiede.<\/p>\n<p>        <img decoding=\"async\" src=\"https:\/\/www.europesays.com\/de\/wp-content\/uploads\/2025\/10\/regionalol100.webp\" alt=\"Blick auf den Lappan, das Wahrzeichen der Stadt Oldenburg.\" title=\"Blick auf den Lappan, das Wahrzeichen der Stadt Oldenburg. | NDR, Julius Matuschik\" class=\"responsive\" loading=\"lazy\"\/><\/p>\n<p>\n                                    8 Min<\/p>\n<p>Was in Ihrer Region wichtig ist, h\u00f6ren Sie in dem Mitschnitt der 15:00 Uhr Regional-Nachrichten auf NDR 1 Niedersachsen.<\/p>\n<p>Dieses Thema im Programm:<\/p>\n<p>                NDR 1 Niedersachsen | Regional Oldenburg | 30.10.2025 | 08:00 Uhr<\/p>\n","protected":false},"excerpt":{"rendered":"Stand: 30.10.2025 14:33 Uhr Die Gemeinde Sande (Landkreis Friesland) hat am Mittwoch in einer Extra-Sitzung Fragen der B\u00fcrger&hellip;\n","protected":false},"author":2,"featured_media":537928,"comment_status":"","ping_status":"","sticky":false,"template":"","format":"standard","meta":{"footnotes":""},"categories":[2],"tags":[590,127128,131805,29,4109,121538,42024,30,4869,13,17265,14,131804,46625,127129,15,1411,1510,131803,12,4969,2149,10,8,9,11],"class_list":{"0":"post-537927","1":"post","2":"type-post","3":"status-publish","4":"format-standard","5":"has-post-thumbnail","7":"category-deutschland","8":"tag-aktuell","9":"tag-aktuellarchivndsapp","10":"tag-aktuellarchivol","11":"tag-deutschland","12":"tag-einnahmen","13":"tag-finanzausschuss","14":"tag-friesland","15":"tag-germany","16":"tag-gewerbesteuer","17":"tag-headlines","18":"tag-mitarbeiterin","19":"tag-nachrichten","20":"tag-nachzahlen","21":"tag-nachzahlung","22":"tag-ndsapp","23":"tag-news","24":"tag-niedersachsen","25":"tag-oel","26":"tag-sande","27":"tag-schlagzeilen","28":"tag-skandal","29":"tag-steuern","30":"tag-top-news","31":"tag-top-meldungen","32":"tag-topmeldungen","33":"tag-topnews"},"share_on_mastodon":{"url":"https:\/\/pubeurope.com\/@de\/115463451572445077","error":""},"_links":{"self":[{"href":"https:\/\/www.europesays.com\/de\/wp-json\/wp\/v2\/posts\/537927","targetHints":{"allow":["GET"]}}],"collection":[{"href":"https:\/\/www.europesays.com\/de\/wp-json\/wp\/v2\/posts"}],"about":[{"href":"https:\/\/www.europesays.com\/de\/wp-json\/wp\/v2\/types\/post"}],"author":[{"embeddable":true,"href":"https:\/\/www.europesays.com\/de\/wp-json\/wp\/v2\/users\/2"}],"replies":[{"embeddable":true,"href":"https:\/\/www.europesays.com\/de\/wp-json\/wp\/v2\/comments?post=537927"}],"version-history":[{"count":0,"href":"https:\/\/www.europesays.com\/de\/wp-json\/wp\/v2\/posts\/537927\/revisions"}],"wp:featuredmedia":[{"embeddable":true,"href":"https:\/\/www.europesays.com\/de\/wp-json\/wp\/v2\/media\/537928"}],"wp:attachment":[{"href":"https:\/\/www.europesays.com\/de\/wp-json\/wp\/v2\/media?parent=537927"}],"wp:term":[{"taxonomy":"category","embeddable":true,"href":"https:\/\/www.europesays.com\/de\/wp-json\/wp\/v2\/categories?post=537927"},{"taxonomy":"post_tag","embeddable":true,"href":"https:\/\/www.europesays.com\/de\/wp-json\/wp\/v2\/tags?post=537927"}],"curies":[{"name":"wp","href":"https:\/\/api.w.org\/{rel}","templated":true}]}}