{"id":537960,"date":"2025-10-30T14:10:12","date_gmt":"2025-10-30T14:10:12","guid":{"rendered":"https:\/\/www.europesays.com\/de\/537960\/"},"modified":"2025-10-30T14:10:12","modified_gmt":"2025-10-30T14:10:12","slug":"terroranschlag-in-bielefeld-polizei-sucht-handys-des-harsewinkelers","status":"publish","type":"post","link":"https:\/\/www.europesays.com\/de\/537960\/","title":{"rendered":"Terroranschlag in Bielefeld: Polizei sucht Handys des Harsewinkelers"},"content":{"rendered":"<p>Nach dem Terroranschlag vor einer Bar in Bielefeld im Mai ist eine Belohnung von 1.000 Euro ausgesetzt worden. Der Generalbundesanwalt, das Bundeskriminalamt und das Polizeipr\u00e4sidium Bielefeld hoffen auf Hinweise, die zu zwei Handys des mutma\u00dflichen Attent\u00e4ters aus Harsewinkel f\u00fchren.<\/p>\n<p>Hoffnung auf entscheidende Hinweise<\/p>\n<p>Von den beiden Handys, die der T\u00e4ter genutzt hat, fehlt bisher jede Spur. Der mutma\u00dfliche Attent\u00e4ter aus Harsewinkel soll Mitte Mai vor einer Bar in Bielefeld wahllos auf Menschen eingestochen haben. Zwei Personen wurden dabei lebensgef\u00e4hrlich verletzt.<\/p>\n<p>Ermittlungen mit vermutetem islamistischen Hintergrund<\/p>\n<p>Der Generalbundesanwalt \u00fcbernahm kurz darauf die Ermittlungen, weil die Tat vermutlich einen islamistischen Hintergrund hat. Der mutma\u00dfliche Attent\u00e4ter hatte regelm\u00e4\u00dfig Kontakt zu Personen in \u00c4gypten, Syrien und dem Irak.<\/p>\n<p>Weitere Informationen online verf\u00fcgbar<\/p>\n<p><a href=\"https:\/\/bka.hinweisportal.de\/20250518-bielefeld\" target=\"_blank\" rel=\"noreferrer nofollow noopener\">Hier gibt es weitere Informationen zu den gesuchten Handys.<\/a><\/p>\n","protected":false},"excerpt":{"rendered":"Nach dem Terroranschlag vor einer Bar in Bielefeld im Mai ist eine Belohnung von 1.000 Euro ausgesetzt worden.&hellip;\n","protected":false},"author":2,"featured_media":537961,"comment_status":"","ping_status":"","sticky":false,"template":"","format":"standard","meta":{"footnotes":""},"categories":[1841],"tags":[1605,19380,3364,29,17931,30,26859,1209,10037],"class_list":{"0":"post-537960","1":"post","2":"type-post","3":"status-publish","4":"format-standard","5":"has-post-thumbnail","7":"category-bielefeld","8":"tag-bielefeld","9":"tag-bundeskriminalamt","10":"tag-de","11":"tag-deutschland","12":"tag-generalbundesanwalt","13":"tag-germany","14":"tag-harsewinkel","15":"tag-nordrhein-westfalen","16":"tag-terroranschlag"},"share_on_mastodon":{"url":"https:\/\/pubeurope.com\/@de\/115463521889464253","error":""},"_links":{"self":[{"href":"https:\/\/www.europesays.com\/de\/wp-json\/wp\/v2\/posts\/537960","targetHints":{"allow":["GET"]}}],"collection":[{"href":"https:\/\/www.europesays.com\/de\/wp-json\/wp\/v2\/posts"}],"about":[{"href":"https:\/\/www.europesays.com\/de\/wp-json\/wp\/v2\/types\/post"}],"author":[{"embeddable":true,"href":"https:\/\/www.europesays.com\/de\/wp-json\/wp\/v2\/users\/2"}],"replies":[{"embeddable":true,"href":"https:\/\/www.europesays.com\/de\/wp-json\/wp\/v2\/comments?post=537960"}],"version-history":[{"count":0,"href":"https:\/\/www.europesays.com\/de\/wp-json\/wp\/v2\/posts\/537960\/revisions"}],"wp:featuredmedia":[{"embeddable":true,"href":"https:\/\/www.europesays.com\/de\/wp-json\/wp\/v2\/media\/537961"}],"wp:attachment":[{"href":"https:\/\/www.europesays.com\/de\/wp-json\/wp\/v2\/media?parent=537960"}],"wp:term":[{"taxonomy":"category","embeddable":true,"href":"https:\/\/www.europesays.com\/de\/wp-json\/wp\/v2\/categories?post=537960"},{"taxonomy":"post_tag","embeddable":true,"href":"https:\/\/www.europesays.com\/de\/wp-json\/wp\/v2\/tags?post=537960"}],"curies":[{"name":"wp","href":"https:\/\/api.w.org\/{rel}","templated":true}]}}